{"id":3786,"date":"2019-02-28T13:05:38","date_gmt":"2019-02-28T13:05:38","guid":{"rendered":"https:\/\/www.vagheggi.es\/blog\/?p=3786"},"modified":"2025-07-15T10:36:37","modified_gmt":"2025-07-15T10:36:37","slug":"bye-bye-celulitis-piel-naranja","status":"publish","type":"post","link":"https:\/\/www.vagheggi.es\/blog\/bye-bye-celulitis-piel-naranja","title":{"rendered":"BYE BYE CELULITIS Y PIEL DE NARANJA"},"content":{"rendered":"<div id=\"ez-toc-container\" class=\"ez-toc-v2_0_72 counter-hierarchy ez-toc-counter ez-toc-grey ez-toc-container-direction\">\n<div class=\"ez-toc-title-container\">\n<p class=\"ez-toc-title\" style=\"cursor:inherit\">\u00cdndice <\/p>\n<span class=\"ez-toc-title-toggle\"><a href=\"#\" class=\"ez-toc-pull-right ez-toc-btn ez-toc-btn-xs ez-toc-btn-default ez-toc-toggle\" aria-label=\"Toggle Table of Content\"><span class=\"ez-toc-js-icon-con\"><span class=\"\"><span class=\"eztoc-hide\" style=\"display:none;\">Toggle<\/span><span class=\"ez-toc-icon-toggle-span\"><svg style=\"fill: #999;color:#999\" xmlns=\"http:\/\/www.w3.org\/2000\/svg\" class=\"list-377408\" width=\"20px\" height=\"20px\" viewBox=\"0 0 24 24\" fill=\"none\"><path d=\"M6 6H4v2h2V6zm14 0H8v2h12V6zM4 11h2v2H4v-2zm16 0H8v2h12v-2zM4 16h2v2H4v-2zm16 0H8v2h12v-2z\" fill=\"currentColor\"><\/path><\/svg><svg style=\"fill: #999;color:#999\" class=\"arrow-unsorted-368013\" xmlns=\"http:\/\/www.w3.org\/2000\/svg\" width=\"10px\" height=\"10px\" viewBox=\"0 0 24 24\" version=\"1.2\" baseProfile=\"tiny\"><path d=\"M18.2 9.3l-6.2-6.3-6.2 6.3c-.2.2-.3.4-.3.7s.1.5.3.7c.2.2.4.3.7.3h11c.3 0 .5-.1.7-.3.2-.2.3-.5.3-.7s-.1-.5-.3-.7zM5.8 14.7l6.2 6.3 6.2-6.3c.2-.2.3-.5.3-.7s-.1-.5-.3-.7c-.2-.2-.4-.3-.7-.3h-11c-.3 0-.5.1-.7.3-.2.2-.3.5-.3.7s.1.5.3.7z\"\/><\/svg><\/span><\/span><\/span><\/a><\/span><\/div>\n<nav><ul class='ez-toc-list ez-toc-list-level-1 ' ><li class='ez-toc-page-1 ez-toc-heading-level-2'><a class=\"ez-toc-link ez-toc-heading-1\" href=\"https:\/\/www.vagheggi.es\/blog\/bye-bye-celulitis-piel-naranja\/#Este_no_es_un_truco_para_combatir_la_celulitis_es_una_realidad\" title=\"Este no es un truco para combatir la celulitis, es una realidad.\">Este no es un truco para combatir la celulitis, es una realidad.<\/a><\/li><\/ul><\/nav><\/div>\n<h2><span class=\"ez-toc-section\" id=\"Este_no_es_un_truco_para_combatir_la_celulitis_es_una_realidad\"><\/span>Este no es un truco para combatir la celulitis, es una realidad.<span class=\"ez-toc-section-end\"><\/span><\/h2>\n<p style=\"text-align: justify;\">Te vamos a ense\u00f1ar qu\u00e9 hacer y c\u00f3mo combatir la celulitis o la piel de naranja para lucir un cuerpazo este verano.<\/p>\n<p><!--more--><\/p>\n<p class=\"body-text\" style=\"text-align: justify;\">Err\u00f3neamente creemos que la celulitis es un problema que afecta solo a las\u00a0mujeres adultas\u00a0con sobrepeso y con poca actividad f\u00edsica, pero\u00a0nada m\u00e1s lejos de la realidad, pues hasta las modelos m\u00e1s famosas tambi\u00e9n la sufren.<\/p>\n<p class=\"body-text\" style=\"text-align: justify;\">Es cierto que el sobrepeso, la edad, una mala alimentaci\u00f3n y una actividad f\u00edsica reducida, son factores que afectan considerablemente a la aparici\u00f3n y\/o aumento de la celulitis, pero hay que saber que existe un alto componente de culpabilidad en el ADN, es decir, que nuestra gen\u00e9tica hace que tengamos una mayor o menor predisposici\u00f3n para tener celulitis o piel de naranja.<\/p>\n<p class=\"body-text\" style=\"text-align: justify;\">La celulitis o piel de naranja,\u00a0es\u00a0la acumulaci\u00f3n de grasa en el tejido subcut\u00e1neo de algunas zonas del cuerpo:\u00a0abdomen, gl\u00fateos, caderas o muslos. Se produce en la capa m\u00e1s profunda de la piel, donde se encuentran los adipocitos, que son los encargados de almacenar la grasa que nos protege de agentes externos y de mantener nuestra temperatura corporal, sin embargo, cuando su funcionalidad no trabaja adecuadamente, nuestro cuerpo empieza a retener m\u00e1s l\u00edquidos y nuestra piel a adquirir ese aspecto rugoso que tanto nos preocupa a\u00a0las mujeres.<\/p>\n<p class=\"body-text\" style=\"text-align: justify;\">Pero no te preocupes, porque hay un mont\u00f3n de soluciones que son asequibles para\u00a0todo el mundo, \u00a1decirle adi\u00f3s a la celulitis no es solo cosa de las famosas!.<\/p>\n<p class=\"body-text\" style=\"text-align: justify;\">Como hemos dicho en un principio, la alimentaci\u00f3n es una de las bases fundamentales para evitar agravar la celulitis o retrasar su aparici\u00f3n, por ello es importante saber qu\u00e9 comer y qu\u00e9 no.<\/p>\n<p class=\"body-text\" style=\"text-align: justify;\"><strong>\u00bfCu\u00e1les pueden ser nuestros\u00a0grandes aliados?<\/strong> Principalmente el agua, beber un m\u00ednimo de 1,5 o 2 litros al d\u00eda es important\u00edsimo para evitar la retenci\u00f3n de l\u00edquidos, pero otros buenos complementos ser\u00edan: el jengibre, el huevo, el apio, el romero, las peras, las pi\u00f1as, o los c\u00edtricos entre otros.<\/p>\n<p class=\"body-text\" style=\"text-align: justify;\">Combinar una buena alimentaci\u00f3n con una rutina de ejercicio es otra gran soluci\u00f3n a este problema,\u00a0pero debido a la vida fren\u00e9tica que tenemos, no solemos encontrar tiempo para dedicarle al ejercicio 30&#8242;-40&#8242; al d\u00eda 2 o 3 veces por semana.\u00a0No te agobies, hay algunas novedades en tratamientos est\u00e9ticos o productos espec\u00edficos que se pueden usar en casa y que te permiten combatir de manera efectiva la celulitis.<\/p>\n<p class=\"body-text\" style=\"text-align: justify;\">Si hablamos de tratamientos profesionales podemos recomendarte el HIFU de Unibelleza, un tratamiento con el que obtendr\u00e1s resultados inmediatos y duraderos, o el <a href=\"https:\/\/laserluz.com\/aparatologia-estetica-ice-wrap-criofrecuencia\/\"><strong><span style=\"color: #aeceb7;\">ICE WRAP<\/span><\/strong><\/a> de <a href=\"http:\/\/www.laserluz.com\"><span style=\"color: #aeceb7;\"><strong>Laserluz<\/strong><\/span><\/a>, un novedoso tratamiento basado en la criofrecuencia focalizada. Ambos tratamientos indoloros y espec\u00edficos para remodelar la silueta.<\/p>\n<p class=\"body-text\" style=\"text-align: justify;\">Si hablamos de productos cosm\u00e9ticos naturales y efectivos en <strong><span style=\"color: #aeceb7;\"><a style=\"color: #aeceb7;\" href=\"https:\/\/www.vagheggi.es\">Vagheggi<\/a><\/span><\/strong> encontrar\u00e1s varias l\u00edneas espec\u00edficas para mejorar\u00a0 nuestro cuerpo, pero espec\u00edficamente para la celulitis, la ideal es <span style=\"color: #aeceb7;\"><strong><a style=\"color: #aeceb7;\" href=\"https:\/\/www.vagheggi.es\/320-sinecell\">SINECELL<\/a><\/strong>.<\/span><\/p>\n<p class=\"body-text\" style=\"text-align: justify;\">Una l\u00ednea corporal muy efectiva dise\u00f1ada espec\u00edficamente para realizar tratamientos profesionales anticelul\u00edticos y reductores. Suaviza y esculpe el perfil del cuerpo combatiendo adem\u00e1s los efectos no deseados provocados por una vida con mucho estr\u00e9s.<\/p>\n<p class=\"body-text\" style=\"text-align: justify;\">Si quieres realizarte un tratamiento corporal, ponte en contacto con nosotros y\u00a0 te ayudaremos a encontrar el centro de est\u00e9tica profesional m\u00e1s cercano.<\/p>\n","protected":false},"excerpt":{"rendered":"<p>Este no es un truco para combatir la celulitis, es una realidad. Te vamos a ense\u00f1ar qu\u00e9 hacer y c\u00f3mo combatir la celulitis o la piel de naranja para lucir un cuerpazo este verano.<\/p>\n","protected":false},"author":12,"featured_media":4739,"comment_status":"closed","ping_status":"closed","sticky":false,"template":"","format":"standard","meta":[],"categories":[196],"tags":[],"yoast_head":"<!-- This site is optimized with the Yoast SEO plugin v19.13 - https:\/\/yoast.com\/wordpress\/plugins\/seo\/ -->\n<title>Adi\u00f3s a la celulitis y la piel de naranja con Vagheggi<\/title>\n<meta name=\"description\" content=\"Te presentamos los cosm\u00e9ticos corporales con principios activos naturales que combaten la celulitis y la piel de naranja de forma r\u00e1pida y definitiva.\" \/>\n<meta name=\"robots\" content=\"index, follow, max-snippet:-1, max-image-preview:large, max-video-preview:-1\" \/>\n<link rel=\"canonical\" href=\"https:\/\/www.vagheggi.es\/blog\/bye-bye-celulitis-piel-naranja\" \/>\n<meta property=\"og:locale\" content=\"es_ES\" \/>\n<meta property=\"og:type\" content=\"article\" \/>\n<meta property=\"og:title\" content=\"Adi\u00f3s a la celulitis y la piel de naranja con Vagheggi\" \/>\n<meta property=\"og:description\" content=\"Te presentamos los cosm\u00e9ticos corporales con principios activos naturales que combaten la celulitis y la piel de naranja de forma r\u00e1pida y definitiva.\" \/>\n<meta property=\"og:url\" content=\"https:\/\/www.vagheggi.es\/blog\/bye-bye-celulitis-piel-naranja\" \/>\n<meta property=\"og:site_name\" content=\"VGH Lifestyle\" \/>\n<meta property=\"article:publisher\" content=\"https:\/\/www.facebook.com\/vagheggicosmetica\" \/>\n<meta property=\"article:published_time\" content=\"2019-02-28T13:05:38+00:00\" \/>\n<meta property=\"article:modified_time\" content=\"2025-07-15T10:36:37+00:00\" \/>\n<meta property=\"og:image\" content=\"https:\/\/www.vagheggi.es\/blog\/wp-content\/uploads\/2019\/02\/cosmeticos-para-eliminar-celulitis-y-piel-de-naranja.jpg\" \/>\n\t<meta property=\"og:image:width\" content=\"1660\" \/>\n\t<meta property=\"og:image:height\" content=\"516\" \/>\n\t<meta property=\"og:image:type\" content=\"image\/jpeg\" \/>\n<meta name=\"author\" content=\"raullb.vagheggi@gmail.com\" \/>\n<meta name=\"twitter:card\" content=\"summary_large_image\" \/>\n<meta name=\"twitter:creator\" content=\"@vagheggicosmetica_es\" \/>\n<meta name=\"twitter:site\" content=\"@vagheggicosmetica_es\" \/>\n<meta name=\"twitter:label1\" content=\"Escrito por\" \/>\n\t<meta name=\"twitter:data1\" content=\"raullb.vagheggi@gmail.com\" \/>\n\t<meta name=\"twitter:label2\" content=\"Tiempo de lectura\" \/>\n\t<meta name=\"twitter:data2\" content=\"3 minutos\" \/>\n<script type=\"application\/ld+json\" class=\"yoast-schema-graph\">{\"@context\":\"https:\/\/schema.org\",\"@graph\":[{\"@type\":\"WebPage\",\"@id\":\"https:\/\/www.vagheggi.es\/blog\/bye-bye-celulitis-piel-naranja\",\"url\":\"https:\/\/www.vagheggi.es\/blog\/bye-bye-celulitis-piel-naranja\",\"name\":\"Adi\u00f3s a la celulitis y la piel de naranja con Vagheggi\",\"isPartOf\":{\"@id\":\"https:\/\/www.vagheggi.es\/blog\/#website\"},\"datePublished\":\"2019-02-28T13:05:38+00:00\",\"dateModified\":\"2025-07-15T10:36:37+00:00\",\"author\":{\"@id\":\"https:\/\/www.vagheggi.es\/blog\/#\/schema\/person\/0b8bd3947da7bbf4db26b93dc8e872ff\"},\"description\":\"Te presentamos los cosm\u00e9ticos corporales con principios activos naturales que combaten la celulitis y la piel de naranja de forma r\u00e1pida y definitiva.\",\"breadcrumb\":{\"@id\":\"https:\/\/www.vagheggi.es\/blog\/bye-bye-celulitis-piel-naranja#breadcrumb\"},\"inLanguage\":\"es\",\"potentialAction\":[{\"@type\":\"ReadAction\",\"target\":[\"https:\/\/www.vagheggi.es\/blog\/bye-bye-celulitis-piel-naranja\"]}]},{\"@type\":\"BreadcrumbList\",\"@id\":\"https:\/\/www.vagheggi.es\/blog\/bye-bye-celulitis-piel-naranja#breadcrumb\",\"itemListElement\":[{\"@type\":\"ListItem\",\"position\":1,\"name\":\"Portada\",\"item\":\"https:\/\/www.vagheggi.es\/blog\/\"},{\"@type\":\"ListItem\",\"position\":2,\"name\":\"BYE BYE CELULITIS Y PIEL DE NARANJA\"}]},{\"@type\":\"WebSite\",\"@id\":\"https:\/\/www.vagheggi.es\/blog\/#website\",\"url\":\"https:\/\/www.vagheggi.es\/blog\/\",\"name\":\"VGH Lifestyle\",\"description\":\"VGH Lifestyle\",\"potentialAction\":[{\"@type\":\"SearchAction\",\"target\":{\"@type\":\"EntryPoint\",\"urlTemplate\":\"https:\/\/www.vagheggi.es\/blog\/?s={search_term_string}\"},\"query-input\":\"required name=search_term_string\"}],\"inLanguage\":\"es\"},{\"@type\":\"Person\",\"@id\":\"https:\/\/www.vagheggi.es\/blog\/#\/schema\/person\/0b8bd3947da7bbf4db26b93dc8e872ff\",\"name\":\"raullb.vagheggi@gmail.com\",\"image\":{\"@type\":\"ImageObject\",\"inLanguage\":\"es\",\"@id\":\"https:\/\/www.vagheggi.es\/blog\/#\/schema\/person\/image\/\",\"url\":\"https:\/\/secure.gravatar.com\/avatar\/acedc01bb1debf851db5dfca0f8bb67f?s=96&d=mm&r=g\",\"contentUrl\":\"https:\/\/secure.gravatar.com\/avatar\/acedc01bb1debf851db5dfca0f8bb67f?s=96&d=mm&r=g\",\"caption\":\"raullb.vagheggi@gmail.com\"}}]}<\/script>\n<!-- \/ Yoast SEO plugin. -->","yoast_head_json":{"title":"Adi\u00f3s a la celulitis y la piel de naranja con Vagheggi","description":"Te presentamos los cosm\u00e9ticos corporales con principios activos naturales que combaten la celulitis y la piel de naranja de forma r\u00e1pida y definitiva.","robots":{"index":"index","follow":"follow","max-snippet":"max-snippet:-1","max-image-preview":"max-image-preview:large","max-video-preview":"max-video-preview:-1"},"canonical":"https:\/\/www.vagheggi.es\/blog\/bye-bye-celulitis-piel-naranja","og_locale":"es_ES","og_type":"article","og_title":"Adi\u00f3s a la celulitis y la piel de naranja con Vagheggi","og_description":"Te presentamos los cosm\u00e9ticos corporales con principios activos naturales que combaten la celulitis y la piel de naranja de forma r\u00e1pida y definitiva.","og_url":"https:\/\/www.vagheggi.es\/blog\/bye-bye-celulitis-piel-naranja","og_site_name":"VGH Lifestyle","article_publisher":"https:\/\/www.facebook.com\/vagheggicosmetica","article_published_time":"2019-02-28T13:05:38+00:00","article_modified_time":"2025-07-15T10:36:37+00:00","og_image":[{"width":1660,"height":516,"url":"https:\/\/www.vagheggi.es\/blog\/wp-content\/uploads\/2019\/02\/cosmeticos-para-eliminar-celulitis-y-piel-de-naranja.jpg","type":"image\/jpeg"}],"author":"raullb.vagheggi@gmail.com","twitter_card":"summary_large_image","twitter_creator":"@vagheggicosmetica_es","twitter_site":"@vagheggicosmetica_es","twitter_misc":{"Escrito por":"raullb.vagheggi@gmail.com","Tiempo de lectura":"3 minutos"},"schema":{"@context":"https:\/\/schema.org","@graph":[{"@type":"WebPage","@id":"https:\/\/www.vagheggi.es\/blog\/bye-bye-celulitis-piel-naranja","url":"https:\/\/www.vagheggi.es\/blog\/bye-bye-celulitis-piel-naranja","name":"Adi\u00f3s a la celulitis y la piel de naranja con Vagheggi","isPartOf":{"@id":"https:\/\/www.vagheggi.es\/blog\/#website"},"datePublished":"2019-02-28T13:05:38+00:00","dateModified":"2025-07-15T10:36:37+00:00","author":{"@id":"https:\/\/www.vagheggi.es\/blog\/#\/schema\/person\/0b8bd3947da7bbf4db26b93dc8e872ff"},"description":"Te presentamos los cosm\u00e9ticos corporales con principios activos naturales que combaten la celulitis y la piel de naranja de forma r\u00e1pida y definitiva.","breadcrumb":{"@id":"https:\/\/www.vagheggi.es\/blog\/bye-bye-celulitis-piel-naranja#breadcrumb"},"inLanguage":"es","potentialAction":[{"@type":"ReadAction","target":["https:\/\/www.vagheggi.es\/blog\/bye-bye-celulitis-piel-naranja"]}]},{"@type":"BreadcrumbList","@id":"https:\/\/www.vagheggi.es\/blog\/bye-bye-celulitis-piel-naranja#breadcrumb","itemListElement":[{"@type":"ListItem","position":1,"name":"Portada","item":"https:\/\/www.vagheggi.es\/blog\/"},{"@type":"ListItem","position":2,"name":"BYE BYE CELULITIS Y PIEL DE NARANJA"}]},{"@type":"WebSite","@id":"https:\/\/www.vagheggi.es\/blog\/#website","url":"https:\/\/www.vagheggi.es\/blog\/","name":"VGH Lifestyle","description":"VGH Lifestyle","potentialAction":[{"@type":"SearchAction","target":{"@type":"EntryPoint","urlTemplate":"https:\/\/www.vagheggi.es\/blog\/?s={search_term_string}"},"query-input":"required name=search_term_string"}],"inLanguage":"es"},{"@type":"Person","@id":"https:\/\/www.vagheggi.es\/blog\/#\/schema\/person\/0b8bd3947da7bbf4db26b93dc8e872ff","name":"raullb.vagheggi@gmail.com","image":{"@type":"ImageObject","inLanguage":"es","@id":"https:\/\/www.vagheggi.es\/blog\/#\/schema\/person\/image\/","url":"https:\/\/secure.gravatar.com\/avatar\/acedc01bb1debf851db5dfca0f8bb67f?s=96&d=mm&r=g","contentUrl":"https:\/\/secure.gravatar.com\/avatar\/acedc01bb1debf851db5dfca0f8bb67f?s=96&d=mm&r=g","caption":"raullb.vagheggi@gmail.com"}}]}},"_links":{"self":[{"href":"https:\/\/www.vagheggi.es\/blog\/wp-json\/wp\/v2\/posts\/3786"}],"collection":[{"href":"https:\/\/www.vagheggi.es\/blog\/wp-json\/wp\/v2\/posts"}],"about":[{"href":"https:\/\/www.vagheggi.es\/blog\/wp-json\/wp\/v2\/types\/post"}],"author":[{"embeddable":true,"href":"https:\/\/www.vagheggi.es\/blog\/wp-json\/wp\/v2\/users\/12"}],"replies":[{"embeddable":true,"href":"https:\/\/www.vagheggi.es\/blog\/wp-json\/wp\/v2\/comments?post=3786"}],"version-history":[{"count":1,"href":"https:\/\/www.vagheggi.es\/blog\/wp-json\/wp\/v2\/posts\/3786\/revisions"}],"predecessor-version":[{"id":7995,"href":"https:\/\/www.vagheggi.es\/blog\/wp-json\/wp\/v2\/posts\/3786\/revisions\/7995"}],"wp:featuredmedia":[{"embeddable":true,"href":"https:\/\/www.vagheggi.es\/blog\/wp-json\/wp\/v2\/media\/4739"}],"wp:attachment":[{"href":"https:\/\/www.vagheggi.es\/blog\/wp-json\/wp\/v2\/media?parent=3786"}],"wp:term":[{"taxonomy":"category","embeddable":true,"href":"https:\/\/www.vagheggi.es\/blog\/wp-json\/wp\/v2\/categories?post=3786"},{"taxonomy":"post_tag","embeddable":true,"href":"https:\/\/www.vagheggi.es\/blog\/wp-json\/wp\/v2\/tags?post=3786"}],"curies":[{"name":"wp","href":"https:\/\/api.w.org\/{rel}","templated":true}]}}