{"id":5349,"date":"2022-05-23T10:54:23","date_gmt":"2022-05-23T10:54:23","guid":{"rendered":"https:\/\/www.vagheggi.es\/blog\/?p=5349"},"modified":"2025-03-31T12:57:44","modified_gmt":"2025-03-31T12:57:44","slug":"efectos-estres-en-nuestro-cuerpo","status":"publish","type":"post","link":"https:\/\/www.vagheggi.es\/blog\/efectos-estres-en-nuestro-cuerpo","title":{"rendered":"\u00bfQU\u00c9 EFECTOS TIENE EL ESTR\u00c9S EN NUESTRO CUERPO?"},"content":{"rendered":"\n<p>El <strong>estr\u00e9s<\/strong> es uno de los males end\u00e9micos del siglo XXI, y se estima que <a href=\"https:\/\/www.heraldo.es\/noticias\/salud\/2017\/09\/27\/el-poblacion-siente-estres-con-frecuencia-continuamente-1198784-2261131.html#:~:text=Un%2042%20%25%20de%20la%20poblaci%C3%B3n,estr%C3%A9s%20en%20el%20%C3%BAltimo%20a%C3%B1o.\" target=\"_blank\" rel=\"noreferrer noopener\">afecta a un 42% de la poblaci\u00f3n espa\u00f1ola<\/a>. Los motivos son variados, pero est\u00e1n relacionados con la ajetreada agenda que vivimos cada d\u00eda, repleta de obligaciones personales, sociales, laborales y familiares. No es necesario haber vivido un acontecimiento traum\u00e1tico para sufrir estr\u00e9s; es una enfermedad que crece poco a poco en nuestro organismo; al principio no somos conscientes de los efectos nocivos de vivir con estr\u00e9s continuamente, pero a la larga sus consecuencias se van notando.&nbsp;<\/p>\n\n\n\n<p><strong>El estr\u00e9s afecta a todo nuestro organismo<\/strong> en general, aunque cada persona desarrollar\u00e1 s\u00edntomas distintos, seg\u00fan c\u00f3mo su cuerpo asimile el estr\u00e9s acumulado. Uno de los \u201csitios\u201d por donde m\u00e1s a menudo hace mella el estr\u00e9s en nosotros es a trav\u00e9s de los inestetismos: principalmente en forma de <strong>celulitis<\/strong> o grasa localizada.&nbsp;<\/p>\n\n\n\n<p>Y es que numerosos estudios cl\u00ednicos apuntan a que <a href=\"https:\/\/www.consejosdetufarmaceutico.com\/belleza\/corporal\/celulitis-mucho-que-ver-con-el-estres\/\" target=\"_blank\" rel=\"noreferrer noopener\">el estr\u00e9s favorece la aparici\u00f3n de la celulitis<\/a>, concluyendo que sufrir estr\u00e9s cr\u00f3nico supone un grave obst\u00e1culo a la hora de prevenir y tratar las adiposidades.<\/p>\n\n\n\n<div id=\"ez-toc-container\" class=\"ez-toc-v2_0_72 counter-hierarchy ez-toc-counter ez-toc-grey ez-toc-container-direction\">\n<div class=\"ez-toc-title-container\">\n<p class=\"ez-toc-title\" style=\"cursor:inherit\">\u00cdndice <\/p>\n<span class=\"ez-toc-title-toggle\"><a href=\"#\" class=\"ez-toc-pull-right ez-toc-btn ez-toc-btn-xs ez-toc-btn-default ez-toc-toggle\" aria-label=\"Toggle Table of Content\"><span class=\"ez-toc-js-icon-con\"><span class=\"\"><span class=\"eztoc-hide\" style=\"display:none;\">Toggle<\/span><span class=\"ez-toc-icon-toggle-span\"><svg style=\"fill: #999;color:#999\" xmlns=\"http:\/\/www.w3.org\/2000\/svg\" class=\"list-377408\" width=\"20px\" height=\"20px\" viewBox=\"0 0 24 24\" fill=\"none\"><path d=\"M6 6H4v2h2V6zm14 0H8v2h12V6zM4 11h2v2H4v-2zm16 0H8v2h12v-2zM4 16h2v2H4v-2zm16 0H8v2h12v-2z\" fill=\"currentColor\"><\/path><\/svg><svg style=\"fill: #999;color:#999\" class=\"arrow-unsorted-368013\" xmlns=\"http:\/\/www.w3.org\/2000\/svg\" width=\"10px\" height=\"10px\" viewBox=\"0 0 24 24\" version=\"1.2\" baseProfile=\"tiny\"><path d=\"M18.2 9.3l-6.2-6.3-6.2 6.3c-.2.2-.3.4-.3.7s.1.5.3.7c.2.2.4.3.7.3h11c.3 0 .5-.1.7-.3.2-.2.3-.5.3-.7s-.1-.5-.3-.7zM5.8 14.7l6.2 6.3 6.2-6.3c.2-.2.3-.5.3-.7s-.1-.5-.3-.7c-.2-.2-.4-.3-.7-.3h-11c-.3 0-.5.1-.7.3-.2.2-.3.5-.3.7s.1.5.3.7z\"\/><\/svg><\/span><\/span><\/span><\/a><\/span><\/div>\n<nav><ul class='ez-toc-list ez-toc-list-level-1 ' ><li class='ez-toc-page-1 ez-toc-heading-level-2'><a class=\"ez-toc-link ez-toc-heading-1\" href=\"https:\/\/www.vagheggi.es\/blog\/efectos-estres-en-nuestro-cuerpo\/#Fracaso_de_los_tratamientos_anticeluliticos_por_estres\" title=\"Fracaso de los tratamientos anticelul\u00edticos por estr\u00e9s\">Fracaso de los tratamientos anticelul\u00edticos por estr\u00e9s<\/a><\/li><li class='ez-toc-page-1 ez-toc-heading-level-2'><a class=\"ez-toc-link ez-toc-heading-2\" href=\"https:\/\/www.vagheggi.es\/blog\/efectos-estres-en-nuestro-cuerpo\/#El_papel_del_cortisol_en_el_estres\" title=\"El papel del cortisol en el estr\u00e9s\">El papel del cortisol en el estr\u00e9s<\/a><\/li><li class='ez-toc-page-1 ez-toc-heading-level-2'><a class=\"ez-toc-link ez-toc-heading-3\" href=\"https:\/\/www.vagheggi.es\/blog\/efectos-estres-en-nuestro-cuerpo\/#Sinecell_el_tratamiento_anticelulitico_que_combate_el_estres\" title=\"Sinecell: el tratamiento anticelul\u00edtico que combate el estr\u00e9s\">Sinecell: el tratamiento anticelul\u00edtico que combate el estr\u00e9s<\/a><ul class='ez-toc-list-level-3' ><li class='ez-toc-heading-level-3'><a class=\"ez-toc-link ez-toc-heading-4\" href=\"https:\/\/www.vagheggi.es\/blog\/efectos-estres-en-nuestro-cuerpo\/#%C2%BFA_quien_va_dirigida_la_linea_de_productos_Sinecell\" title=\"\u00bfA qui\u00e9n va dirigida la l\u00ednea de productos Sinecell?\">\u00bfA qui\u00e9n va dirigida la l\u00ednea de productos Sinecell?<\/a><\/li><li class='ez-toc-page-1 ez-toc-heading-level-3'><a class=\"ez-toc-link ez-toc-heading-5\" href=\"https:\/\/www.vagheggi.es\/blog\/efectos-estres-en-nuestro-cuerpo\/#%C2%BFQue_principios_activos_permiten_eliminar_los_efectos_del_estres_en_el_tratamiento_anticelulitico\" title=\"\u00bfQu\u00e9 principios activos permiten eliminar los efectos del estr\u00e9s en el tratamiento anticelul\u00edtico?\">\u00bfQu\u00e9 principios activos permiten eliminar los efectos del estr\u00e9s en el tratamiento anticelul\u00edtico?<\/a><\/li><li class='ez-toc-page-1 ez-toc-heading-level-3'><a class=\"ez-toc-link ez-toc-heading-6\" href=\"https:\/\/www.vagheggi.es\/blog\/efectos-estres-en-nuestro-cuerpo\/#Productos_anticeluliticos_profesionales_incluidos_en_la_linea_Sinecell\" title=\"Productos anticelul\u00edticos profesionales incluidos en la l\u00ednea Sinecell\">Productos anticelul\u00edticos profesionales incluidos en la l\u00ednea Sinecell<\/a><\/li><li class='ez-toc-page-1 ez-toc-heading-level-3'><a class=\"ez-toc-link ez-toc-heading-7\" href=\"https:\/\/www.vagheggi.es\/blog\/efectos-estres-en-nuestro-cuerpo\/#Productos_anticeluliticos_para_usar_en_casa_de_la_linea_Sinecell\" title=\"Productos anticelul\u00edticos para usar en casa de la l\u00ednea Sinecell\">Productos anticelul\u00edticos para usar en casa de la l\u00ednea Sinecell<\/a><\/li><\/ul><\/li><\/ul><\/nav><\/div>\n<h2 class=\"wp-block-heading\"><span class=\"ez-toc-section\" id=\"Fracaso_de_los_tratamientos_anticeluliticos_por_estres\"><\/span>Fracaso de los tratamientos anticelul\u00edticos por estr\u00e9s<span class=\"ez-toc-section-end\"><\/span><\/h2>\n\n\n\n<p>Probablemente t\u00fa misma te hayas dado cuenta de que, cuando vives situaciones de estr\u00e9s, tu piel ya no es la misma de siempre: te la encuentras alterada, diferente, apagada, m\u00e1s tirante\u2026 Y no s\u00f3lo la piel; a nivel corporal tambi\u00e9n podemos mostrar peor aspecto.&nbsp;<\/p>\n\n\n\n<p>Y si eres profesional de la est\u00e9tica, es posible que tambi\u00e9n hayas vivido momentos frustrantes en cabina, realizando tratamientos con los que no logras alcanzar el objetivo deseado, ni siquiera cuando el cliente lo pone todo de su parte.&nbsp;<\/p>\n\n\n\n<p>Esto se debe a que, en situaciones de estr\u00e9s, el cuerpo reacciona <strong>produciendo mayores cantidades de cortisol<\/strong>, cuyas altas concentraciones reducen la lip\u00f3lisis y originan la acumulaci\u00f3n de grasas, adem\u00e1s de causar retenci\u00f3n de l\u00edquidos. A menudo, la actividad de principios activos muy eficaces es parcialmente inhibida por esta situaci\u00f3n.<\/p>\n\n\n\n<h2 class=\"wp-block-heading\"><span class=\"ez-toc-section\" id=\"El_papel_del_cortisol_en_el_estres\"><\/span>El papel del cortisol en el estr\u00e9s<span class=\"ez-toc-section-end\"><\/span><\/h2>\n\n\n\n<p>El <strong>cortisol<\/strong> es una hormona que tiene un efecto en pr\u00e1cticamente todos nuestros \u00f3rganos y tejidos y que se encarga de:&nbsp;<\/p>\n\n\n\n<ul>\n<li>regular nuestros niveles de az\u00facar en sangre<\/li>\n\n\n\n<li>mantiene la presi\u00f3n arterial<\/li>\n\n\n\n<li>combate las infecciones<\/li>\n\n\n\n<li>regula nuestro metabolismo, el proceso por el cual nuestro cuerpo utiliza los alimentos y la energ\u00eda,<\/li>\n\n\n\n<li>combate el estr\u00e9s &#8211; de hecho, el cortisol es conocido como <strong>la hormona del estr\u00e9s<\/strong>.<\/li>\n<\/ul>\n\n\n\n<p>Se trata de una hormona que se activa en los momentos de amenaza, de miedo, de estr\u00e9s, cuando estamos preocupados por algo. Una hormona c\u00edclica, que se activa en ese momento de alerta, y al cabo de unas horas baja. Y esto no es malo, es una defensa de nuestro cuerpo totalmente necesaria.<\/p>\n\n\n\n<p>El problema viene cuando esta hormona se activa constantemente. Nuestro sistema inmune se defiende y crea inflamaciones\u2026 Todo lo que conocemos terminado en -itis\u2026 Y si nos paramos a pensar, la primera palabra que nos viene a la mente es <strong>\u00a1CELULITIS!<\/strong>&nbsp;<\/p>\n\n\n\n<figure class=\"wp-block-image size-full\"><img decoding=\"async\" loading=\"lazy\" width=\"800\" height=\"600\" src=\"https:\/\/www.vagheggi.es\/blog\/wp-content\/uploads\/2022\/05\/Efectos-estres-celulitis.jpg\" alt=\"efectos del estr\u00e9s celulitis\" class=\"wp-image-5354\" srcset=\"https:\/\/www.vagheggi.es\/blog\/wp-content\/uploads\/2022\/05\/Efectos-estres-celulitis.jpg 800w, https:\/\/www.vagheggi.es\/blog\/wp-content\/uploads\/2022\/05\/Efectos-estres-celulitis-300x225.jpg 300w, https:\/\/www.vagheggi.es\/blog\/wp-content\/uploads\/2022\/05\/Efectos-estres-celulitis-768x576.jpg 768w, https:\/\/www.vagheggi.es\/blog\/wp-content\/uploads\/2022\/05\/Efectos-estres-celulitis-340x255.jpg 340w\" sizes=\"(max-width: 800px) 100vw, 800px\" \/><\/figure>\n\n\n\n<p>A nivel f\u00edsico, el cortisol no solo afecta a la celulitis o la grasa, tambi\u00e9n inhibe la correcta regeneraci\u00f3n de la piel (arrugas, manchas, cambio de tono en la piel\u2026)<\/p>\n\n\n\n<p>A nivel psicol\u00f3gico estamos m\u00e1s irascibles, m\u00e1s irritables y nos afecta enormemente al sue\u00f1o. Ya que el cortisol va bajando durante el d\u00eda hasta la noche, y si no es as\u00ed, nos afectar\u00e1 tambi\u00e9n al sue\u00f1o.<\/p>\n\n\n\n<p>Adem\u00e1s, el desequilibrio de esta hormona afecta directamente a la corteza prefrontal de nuestro cerebro. Digamos que la \u201cdesactiva\u201d y \u00bfsabes de qu\u00e9 se encarga esa parte de nuestro cerebro? De la atenci\u00f3n, la concentraci\u00f3n, la toma de decisiones, resoluci\u00f3n de problemas\u2026 \u00a1hasta el control de los impulsos! Ahora quiz\u00e1 comprendas por qu\u00e9, cuando estamos hasta arriba de estr\u00e9s, acabamos dando contestaciones impulsivas &#8211; y quiz\u00e1 algo inadecuadas &#8211; de las que luego te arrepientes.&nbsp;<\/p>\n\n\n\n<p>Est\u00e1 demostrado adem\u00e1s que cuando tenemos altos niveles de cortisol, tenemos bajos niveles de <strong>oxitocina.<\/strong> Esta hormona tan relacionada con el embarazo es algo que nos ha afectado mucho tambi\u00e9n tras la situaci\u00f3n que vivimos en 2020, ya que la oxitocina es la hormona de los abrazos, de las relaciones, de bailar con los amigos, de tomarte algo con alguien querido o de los masajes. Y todas estas actividades se han visto interrumpidas durante muchos meses. De hecho, a d\u00eda de hoy seguimos sin socializar como antes\u2026 as\u00ed que vamos a darle de nuevo el valor a todos esos momentos, incluido a los rituales relajantes como los masajes.<\/p>\n\n\n\n<h2 class=\"wp-block-heading\"><span class=\"ez-toc-section\" id=\"Sinecell_el_tratamiento_anticelulitico_que_combate_el_estres\"><\/span>Sinecell: el tratamiento anticelul\u00edtico que combate el estr\u00e9s<span class=\"ez-toc-section-end\"><\/span><\/h2>\n\n\n\n<figure class=\"wp-block-image size-full\"><a href=\"https:\/\/www.vagheggi.es\/320-sinecell\"><img decoding=\"async\" loading=\"lazy\" width=\"800\" height=\"600\" src=\"https:\/\/www.vagheggi.es\/blog\/wp-content\/uploads\/2022\/05\/linea-sinecell-antiestres.jpg\" alt=\"L\u00ednea Sinecell que combate los efectos del estr\u00e9s en la piel\" class=\"wp-image-5357\" srcset=\"https:\/\/www.vagheggi.es\/blog\/wp-content\/uploads\/2022\/05\/linea-sinecell-antiestres.jpg 800w, https:\/\/www.vagheggi.es\/blog\/wp-content\/uploads\/2022\/05\/linea-sinecell-antiestres-300x225.jpg 300w, https:\/\/www.vagheggi.es\/blog\/wp-content\/uploads\/2022\/05\/linea-sinecell-antiestres-768x576.jpg 768w, https:\/\/www.vagheggi.es\/blog\/wp-content\/uploads\/2022\/05\/linea-sinecell-antiestres-340x255.jpg 340w\" sizes=\"(max-width: 800px) 100vw, 800px\" \/><\/a><\/figure>\n\n\n\n<p>La<strong> <\/strong><a href=\"https:\/\/www.vagheggi.es\/320-sinecell\"><strong>l\u00ednea de productos Sinecell<\/strong><\/a><strong> <\/strong>nace precisamente para contrarrestar los efectos del estr\u00e9s en nuestro cuerpo, y <strong>hacer frente a la temida piel de naranja<\/strong> y todo tipo de grasa localizada que se pueda acumular debido al estr\u00e9s.&nbsp;<\/p>\n\n\n\n<p>Desde Vagheggi siempre insistimos en que <strong>cuidar de la est\u00e9tica tambi\u00e9n es cuidar de nuestra salud<\/strong>. Los profesionales de la est\u00e9tica son una pieza fundamental dentro de un estilo de vida saludable, ya que nos ayudan a prevenir y tratar todos esos inestetismos que se pueden producir en nuestro cuerpo como consecuencia de agentes externos &#8211; siendo el estr\u00e9s uno de los principales.<\/p>\n\n\n\n<p>Aqu\u00ed es cuando vienen al rescate todos los productos <strong>Sinecell, nuestra l\u00ednea reductora y anticelul\u00edtica,<\/strong> que tiene como principales objetivos:&nbsp;<\/p>\n\n\n\n<ul>\n<li>activar el metabolismo&nbsp;<\/li>\n\n\n\n<li>activar y mejorar la circulaci\u00f3n (tanto sangu\u00ednea como linf\u00e1tica)<\/li>\n\n\n\n<li>promover la actividad de los fibroblastos<\/li>\n\n\n\n<li>reducir los dep\u00f3sitos grasos<\/li>\n<\/ul>\n\n\n\n<p>\u00a1Vamos a conocer m\u00e1s sobre ella!<\/p>\n\n\n\n<h3 class=\"wp-block-heading\"><span class=\"ez-toc-section\" id=\"%C2%BFA_quien_va_dirigida_la_linea_de_productos_Sinecell\"><\/span>\u00bfA qui\u00e9n va dirigida la l\u00ednea de productos Sinecell?<span class=\"ez-toc-section-end\"><\/span><\/h3>\n\n\n\n<p>Los <strong>productos Sinecell <\/strong>van dirigidos a <strong>personas ajetreadas que deseen acabar con su celulitis<\/strong>, y recuperar una forma perfecta incluso llevando un estilo de vida muy estresante. Los efectos negativos del estr\u00e9s en nuestra piel se ven reducidos gracias a este tratamiento, y los resultados mejoran significativamente.&nbsp;<\/p>\n\n\n\n<p>Con estos productos atacaremos cualquier tipo de celulitis y grasa localizada, tanto en <strong>personas que desean perder volumen<\/strong>, como en personas m\u00e1s delgadas que no buscan p\u00e9rdida de volumen, pero s\u00ed buscan un buen <strong>drenaje<\/strong>, y una soluci\u00f3n a su retenci\u00f3n de l\u00edquidos y mala circulaci\u00f3n.&nbsp;<\/p>\n\n\n\n<p>\u275d <em>Si quieres saber m\u00e1s visita nuestro art\u00edculo: <a href=\"https:\/\/www.vagheggi.es\/blog\/eliminar-retencion-de-liquidos-tratamiento-natural\">c\u00f3mo eliminar la retenci\u00f3n de l\u00edquidos<\/a>.<\/em><\/p>\n\n\n\n<h3 class=\"wp-block-heading\"><span class=\"ez-toc-section\" id=\"%C2%BFQue_principios_activos_permiten_eliminar_los_efectos_del_estres_en_el_tratamiento_anticelulitico\"><\/span>\u00bfQu\u00e9 principios activos permiten eliminar los efectos del estr\u00e9s en el tratamiento anticelul\u00edtico?<span class=\"ez-toc-section-end\"><\/span><\/h3>\n\n\n\n<p>Toda la l\u00ednea Sinecell ha sido formulada y fabricada con productos naturales, respetando la sostenibilidad para no alterar el ecosistema marino, cuidando al m\u00e1ximo el equilibrio del medio ambiente.&nbsp;<\/p>\n\n\n\n<p>Estos son los principios activos inclu\u00eddos en los productos Sinecell:&nbsp;<\/p>\n\n\n\n<ul>\n<li>El<strong> alga Polysiphonia brodiei<\/strong>, con un efecto reductor que contrarresta las adiposidades a trav\u00e9s de un mecanismo innovador, anulando los efectos del estr\u00e9s;&nbsp;<\/li>\n\n\n\n<li>El<strong> alga Jania rubens<\/strong>, de la familia de las Coralinas, contribuye a crear un nuevo equilibrio de los tejidos afectados por la celulitis, contrarrestando el aspecto cut\u00e1neo t\u00edpico de la piel de naranja.&nbsp;<\/li>\n\n\n\n<li><strong>Prebi\u00f3ticos puros<\/strong> que suponen una revoluci\u00f3n para el microbioma de la piel suministrando sustancias nutritivas esenciales y reactivando la circulaci\u00f3n y la eliminaci\u00f3n de las sustancias de desecho, que forman buena parte de los tejidos afectados por las imperfecciones cut\u00e1neas.&nbsp;<\/li>\n\n\n\n<li>La <strong>cafe\u00edna<\/strong>, el <strong>yodo org\u00e1nico<\/strong>, y el extracto de las <strong>algas Phyllacanta fibrosa y Sargazo vesiculoso <\/strong>contribuyen a una mejora de los resultados gracias a su efecto reductor y drenante.&nbsp;<\/li>\n<\/ul>\n\n\n\n<p>Esta l\u00ednea<strong> no tiene ning\u00fan tipo de contraindicaci\u00f3n en personas con problemas de tiroides<\/strong>; el yodo org\u00e1nico que utilizamos en Vagheggi es una mol\u00e9cula hidrosoluble patentada, purificada y exenta de yodo libre, por lo que la cantidad de yodo absorbida con la aplicaci\u00f3n cotidiana de estos productos no altera los niveles fisiol\u00f3gicos de yodo en sangre.<\/p>\n\n\n\n<p>A continuaci\u00f3n, vamos a ir viendo uno a uno los productos incluidos en la l\u00ednea Sinecell, separ\u00e1ndolos, por un lado, los productos pensados para el tratamiento profesional anticelul\u00edtico, y por otro, los productos aptos para el tratamiento anti celulitis en casa.<\/p>\n\n\n\n<h3 class=\"wp-block-heading\"><span class=\"ez-toc-section\" id=\"Productos_anticeluliticos_profesionales_incluidos_en_la_linea_Sinecell\"><\/span>Productos anticelul\u00edticos profesionales incluidos en la l\u00ednea Sinecell<span class=\"ez-toc-section-end\"><\/span><\/h3>\n\n\n\n<p>Los productos profesionales Sinecell nos permiten dar una respuesta personalizada a cada necesidad; contamos con <strong>siete protocolos<\/strong> ya preestablecidos, y que se pueden combinar perfectamente con <strong>aparatolog\u00eda<\/strong> para maximizar los resultados.&nbsp;<\/p>\n\n\n\n<p>Vamos a ver productos m\u00e1s centrados en el drenaje, y otros que trabajan espec\u00edficamente la reducci\u00f3n de grasas, as\u00ed como otros productos de doble funci\u00f3n: anticelul\u00edtica y reductora.&nbsp;<\/p>\n\n\n\n<h4 class=\"wp-block-heading\">Exfoliante anticelul\u00edtico profesional<\/h4>\n\n\n\n<p>Este <strong>exfoliante anticelul\u00edtico<\/strong> es el que se aplica antes de cualquier tratamiento, dejando la piel nutrida, hidratada, suave y lista para comenzar a tratar la celulitis. Contiene sales del mediterr\u00e1neo y semillas de lichi trituradas como <em>scrub<\/em>.&nbsp;<\/p>\n\n\n<div class=\"wp-block-image\">\n<figure class=\"aligncenter size-full\"><a href=\"https:\/\/www.vagheggi.es\/anticelulitis-y-reductor-de-grasa-localizada\/111-exfoliante-anticelulitico-8051093075262.html\"><img decoding=\"async\" loading=\"lazy\" width=\"455\" height=\"455\" src=\"https:\/\/www.vagheggi.es\/blog\/wp-content\/uploads\/2022\/05\/sinecell-exfoliante-anticelulitico-profesional.jpg\" alt=\"Exfoliante anticelul\u00edtico profesional de la l\u00ednea Sinecell, pensado para combatir la piel de naranja causada por el estr\u00e9s. \" class=\"wp-image-5360\" srcset=\"https:\/\/www.vagheggi.es\/blog\/wp-content\/uploads\/2022\/05\/sinecell-exfoliante-anticelulitico-profesional.jpg 455w, https:\/\/www.vagheggi.es\/blog\/wp-content\/uploads\/2022\/05\/sinecell-exfoliante-anticelulitico-profesional-300x300.jpg 300w, https:\/\/www.vagheggi.es\/blog\/wp-content\/uploads\/2022\/05\/sinecell-exfoliante-anticelulitico-profesional-150x150.jpg 150w, https:\/\/www.vagheggi.es\/blog\/wp-content\/uploads\/2022\/05\/sinecell-exfoliante-anticelulitico-profesional-340x340.jpg 340w\" sizes=\"(max-width: 455px) 100vw, 455px\" \/><\/a><figcaption class=\"wp-element-caption\">Sinecell &#8211; Exfoliante anticelul\u00edtico profesional<\/figcaption><\/figure><\/div>\n\n\n<h4 class=\"wp-block-heading\">S\u00e9rums concentrados<\/h4>\n\n\n\n<p>En funci\u00f3n de nuestro objetivo, contamos con <strong>dos s\u00e9rums concentrados: anticelul\u00edtico o reductor<\/strong>. Se trata de productos tan concentrados como una ampolla, pero tan fluidos como los productos de masaje. Pueden aplicarse antes de comenzar con la aparatolog\u00eda, aunque al ser s\u00e9rums concentrados se absorber\u00e1n muy r\u00e1pido. Por eso, recomendamos continuar el tratamiento de aparatolog\u00eda con la crema de masaje de la l\u00ednea Sikelia.&nbsp;<\/p>\n\n\n\n<div class=\"wp-block-columns is-layout-flex wp-container-3\">\n<div class=\"wp-block-column is-layout-flow\"><div class=\"wp-block-image\">\n<figure class=\"aligncenter size-full\"><a href=\"https:\/\/www.vagheggi.es\/tienda\/sinecell\/serum-masaje-anticelulitico\"><img decoding=\"async\" loading=\"lazy\" width=\"455\" height=\"455\" src=\"https:\/\/www.vagheggi.es\/blog\/wp-content\/uploads\/2022\/05\/sinecell-serum-masaje-anticelulitico.jpg\" alt=\"Sinecell s\u00e9rum para masaje anticelul\u00edtico, para combatir la celulitis causada por estr\u00e9s. \" class=\"wp-image-5362\" srcset=\"https:\/\/www.vagheggi.es\/blog\/wp-content\/uploads\/2022\/05\/sinecell-serum-masaje-anticelulitico.jpg 455w, https:\/\/www.vagheggi.es\/blog\/wp-content\/uploads\/2022\/05\/sinecell-serum-masaje-anticelulitico-300x300.jpg 300w, https:\/\/www.vagheggi.es\/blog\/wp-content\/uploads\/2022\/05\/sinecell-serum-masaje-anticelulitico-150x150.jpg 150w, https:\/\/www.vagheggi.es\/blog\/wp-content\/uploads\/2022\/05\/sinecell-serum-masaje-anticelulitico-340x340.jpg 340w\" sizes=\"(max-width: 455px) 100vw, 455px\" \/><\/a><figcaption class=\"wp-element-caption\"><a href=\"https:\/\/www.vagheggi.es\/tienda\/sinecell\/serum-masaje-anticelulitico\">Sinecell &#8211; S\u00e9rum para masaje anticelul\u00edtico<\/a><\/figcaption><\/figure><\/div><\/div>\n\n\n\n<div class=\"wp-block-column is-layout-flow\"><div class=\"wp-block-image\">\n<figure class=\"aligncenter size-full\"><a href=\"https:\/\/www.vagheggi.es\/tienda\/sinecell\/serummasaje-reductor\"><img decoding=\"async\" loading=\"lazy\" width=\"455\" height=\"455\" src=\"https:\/\/www.vagheggi.es\/blog\/wp-content\/uploads\/2022\/05\/sinecell-serum-masaje-reductor.jpg\" alt=\"S\u00e9rum para masaje reductor de la l\u00ednea Sinecell, que combate las consecuencias que el estr\u00e9s tiene en nuestro organismo. \" class=\"wp-image-5363\" srcset=\"https:\/\/www.vagheggi.es\/blog\/wp-content\/uploads\/2022\/05\/sinecell-serum-masaje-reductor.jpg 455w, https:\/\/www.vagheggi.es\/blog\/wp-content\/uploads\/2022\/05\/sinecell-serum-masaje-reductor-300x300.jpg 300w, https:\/\/www.vagheggi.es\/blog\/wp-content\/uploads\/2022\/05\/sinecell-serum-masaje-reductor-150x150.jpg 150w, https:\/\/www.vagheggi.es\/blog\/wp-content\/uploads\/2022\/05\/sinecell-serum-masaje-reductor-340x340.jpg 340w\" sizes=\"(max-width: 455px) 100vw, 455px\" \/><\/a><figcaption class=\"wp-element-caption\"><a href=\"https:\/\/www.vagheggi.es\/tienda\/sinecell\/serummasaje-reductor\">Sinecell &#8211; S\u00e9rum para masaje reductor<\/a><\/figcaption><\/figure><\/div><\/div>\n<\/div>\n\n\n\n<h4 class=\"wp-block-heading\">Barro reductor anticelul\u00edtico<\/h4>\n\n\n\n<p>Nuestro <strong>barro reductor anticelul\u00edtico<\/strong> est\u00e1 recomendado en estadios avanzados de celulitis, ya que trabaja de forma intensiva el drenaje y la circulaci\u00f3n de la zona donde se aplica. De hecho, es habitual sentir un leve cosquilleo en la zona. \u00a1Se\u00f1al de que est\u00e1 funcionando!<\/p>\n\n\n\n<p>Su composici\u00f3n une la dos algas protagonistas de la l\u00ednea Sinecell: polisifonia brodei, y la jania Rubens, adem\u00e1s del todo org\u00e1nico, tallo de pi\u00f1a y cafe\u00edna, para conseguir una acci\u00f3n reductora y anticelul\u00edtica de gran efectividad.&nbsp;<\/p>\n\n\n<div class=\"wp-block-image\">\n<figure class=\"aligncenter size-full is-resized\"><img decoding=\"async\" loading=\"lazy\" src=\"https:\/\/www.vagheggi.es\/blog\/wp-content\/uploads\/2022\/05\/sinecell-barro-reductor-anticelulitico.jpg\" alt=\"Barro reductor anti celulitis de la l\u00ednea de productos Sinecell de Vagheggi, especialmente formulada para contrarrestar los efectos del estr\u00e9s en la piel.\" class=\"wp-image-5365\" width=\"455\" height=\"455\" srcset=\"https:\/\/www.vagheggi.es\/blog\/wp-content\/uploads\/2022\/05\/sinecell-barro-reductor-anticelulitico.jpg 455w, https:\/\/www.vagheggi.es\/blog\/wp-content\/uploads\/2022\/05\/sinecell-barro-reductor-anticelulitico-300x300.jpg 300w, https:\/\/www.vagheggi.es\/blog\/wp-content\/uploads\/2022\/05\/sinecell-barro-reductor-anticelulitico-150x150.jpg 150w, https:\/\/www.vagheggi.es\/blog\/wp-content\/uploads\/2022\/05\/sinecell-barro-reductor-anticelulitico-340x340.jpg 340w\" sizes=\"(max-width: 455px) 100vw, 455px\" \/><figcaption class=\"wp-element-caption\">Sinecell &#8211; Barro reductor anticelul\u00edtico<\/figcaption><\/figure><\/div>\n\n\n<h4 class=\"wp-block-heading\">Vendas anticelul\u00edticas y reductoras<\/h4>\n\n\n\n<p>Nuestras vendas anticelul\u00edticas y reductoras son muy conocidas y apreciadas por nuestros clientes, que se sorprenden de sus resultados inmediatos. Las <strong>vendas anticelul\u00edticas<\/strong> no producen sensaciones, salvo alg\u00fan leve cosquilleo provocado por la activaci\u00f3n circulatoria. En cambio, las <strong>vendas reductoras<\/strong> s\u00ed producen un efecto t\u00e9rmico; algo que tienes que tener en cuenta si recibes este tratamiento en verano.&nbsp;<\/p>\n\n\n\n<p>Estas vendas pueden usarse solas, pero nuestra recomendaci\u00f3n es combinarlas con un <a href=\"https:\/\/laserluz.com\/equipos-de-presoterapia\/\">tratamiento de presoterapia<\/a> para multiplicar los resultados. Tambi\u00e9n podemos ponerlas con saco de sudoraci\u00f3n, manta t\u00e9rmica o como m\u00ednimo, realizar una osmosis con envoltura.&nbsp;<\/p>\n\n\n\n<div class=\"wp-block-columns is-layout-flex wp-container-6\">\n<div class=\"wp-block-column is-layout-flow\"><div class=\"wp-block-image\">\n<figure class=\"aligncenter size-full\"><a href=\"https:\/\/www.vagheggi.es\/tienda\/sinecell\/vendas-drenantes-anticeluliticas\"><img decoding=\"async\" loading=\"lazy\" width=\"455\" height=\"455\" src=\"https:\/\/www.vagheggi.es\/blog\/wp-content\/uploads\/2022\/05\/sinecell-vendas-drenantes-anticeluliticas.jpg\" alt=\"Vendas drenantes anticelul\u00edticas de la l\u00ednea de productos Sinecell, centrada en reducir los efectos del estr\u00e9s en la piel. \" class=\"wp-image-5366\" srcset=\"https:\/\/www.vagheggi.es\/blog\/wp-content\/uploads\/2022\/05\/sinecell-vendas-drenantes-anticeluliticas.jpg 455w, https:\/\/www.vagheggi.es\/blog\/wp-content\/uploads\/2022\/05\/sinecell-vendas-drenantes-anticeluliticas-300x300.jpg 300w, https:\/\/www.vagheggi.es\/blog\/wp-content\/uploads\/2022\/05\/sinecell-vendas-drenantes-anticeluliticas-150x150.jpg 150w, https:\/\/www.vagheggi.es\/blog\/wp-content\/uploads\/2022\/05\/sinecell-vendas-drenantes-anticeluliticas-340x340.jpg 340w\" sizes=\"(max-width: 455px) 100vw, 455px\" \/><\/a><figcaption class=\"wp-element-caption\"><a href=\"https:\/\/www.vagheggi.es\/tienda\/sinecell\/vendas-drenantes-anticeluliticas\">Sinecell &#8211; Vendas drenantes anticelul\u00edticas<\/a><\/figcaption><\/figure><\/div><\/div>\n\n\n\n<div class=\"wp-block-column is-layout-flow\"><div class=\"wp-block-image\">\n<figure class=\"aligncenter size-full is-resized\"><a href=\"https:\/\/www.vagheggi.es\/tienda\/sinecell\/vendas-termicas-reductoras\"><img decoding=\"async\" loading=\"lazy\" src=\"https:\/\/www.vagheggi.es\/blog\/wp-content\/uploads\/2022\/05\/sinecell-vendas-termicas-reductoras.jpg\" alt=\"Vendas t\u00e9rmicas reductoras de la gama de productos profesionales de Sinecell, la l\u00ednea que combate las consecuencias del estr\u00e9s en el cuerpo.\" class=\"wp-image-5367\" width=\"402\" height=\"402\" srcset=\"https:\/\/www.vagheggi.es\/blog\/wp-content\/uploads\/2022\/05\/sinecell-vendas-termicas-reductoras.jpg 455w, https:\/\/www.vagheggi.es\/blog\/wp-content\/uploads\/2022\/05\/sinecell-vendas-termicas-reductoras-300x300.jpg 300w, https:\/\/www.vagheggi.es\/blog\/wp-content\/uploads\/2022\/05\/sinecell-vendas-termicas-reductoras-150x150.jpg 150w, https:\/\/www.vagheggi.es\/blog\/wp-content\/uploads\/2022\/05\/sinecell-vendas-termicas-reductoras-340x340.jpg 340w\" sizes=\"(max-width: 402px) 100vw, 402px\" \/><\/a><figcaption class=\"wp-element-caption\"><a href=\"https:\/\/www.vagheggi.es\/tienda\/sinecell\/vendas-termicas-reductoras\">Sinecell &#8211; Vendas t\u00e9rmicas reductoras<\/a><\/figcaption><\/figure><\/div><\/div>\n<\/div>\n\n\n\n<h4 class=\"wp-block-heading\">Crema de masaje anticelul\u00edtica reductora<\/h4>\n\n\n\n<p>Esta crema de masaje de doble acci\u00f3n nos servir\u00e1 para realizar el masaje asociado a cada tratamiento, as\u00ed como cualquier masaje espec\u00edfico reductor y anticelul\u00edtico.&nbsp;<\/p>\n\n\n<div class=\"wp-block-image\">\n<figure class=\"aligncenter size-full\"><a href=\"https:\/\/www.vagheggi.es\/tienda\/sinecell\/crema-anticelulitica-reductora\"><img decoding=\"async\" loading=\"lazy\" width=\"455\" height=\"455\" src=\"https:\/\/www.vagheggi.es\/blog\/wp-content\/uploads\/2022\/05\/sinecell-crema-anticelulitica-reductora.jpg\" alt=\"Crema de masaje anticelul\u00edtica reductora de la l\u00ednea Sinecell de Vagheggi, formulada para contrarrestar los efectos del estr\u00e9s en la piel. \" class=\"wp-image-5369\" srcset=\"https:\/\/www.vagheggi.es\/blog\/wp-content\/uploads\/2022\/05\/sinecell-crema-anticelulitica-reductora.jpg 455w, https:\/\/www.vagheggi.es\/blog\/wp-content\/uploads\/2022\/05\/sinecell-crema-anticelulitica-reductora-300x300.jpg 300w, https:\/\/www.vagheggi.es\/blog\/wp-content\/uploads\/2022\/05\/sinecell-crema-anticelulitica-reductora-150x150.jpg 150w, https:\/\/www.vagheggi.es\/blog\/wp-content\/uploads\/2022\/05\/sinecell-crema-anticelulitica-reductora-340x340.jpg 340w\" sizes=\"(max-width: 455px) 100vw, 455px\" \/><\/a><figcaption class=\"wp-element-caption\"><a href=\"https:\/\/www.vagheggi.es\/tienda\/sinecell\/crema-anticelulitica-reductora\">Sinecell &#8211; Crema anticelul\u00edtica reductora<\/a><\/figcaption><\/figure><\/div>\n\n\n<h3 class=\"wp-block-heading\"><span class=\"ez-toc-section\" id=\"Productos_anticeluliticos_para_usar_en_casa_de_la_linea_Sinecell\"><\/span>Productos anticelul\u00edticos para usar en casa de la l\u00ednea Sinecell<span class=\"ez-toc-section-end\"><\/span><\/h3>\n\n\n\n<p>Los productos de uso personal de la l\u00ednea Sinecell son<strong> el complemento perfecto al tratamiento recibido en cabina<\/strong>. Su aplicaci\u00f3n es sencilla y pr\u00e1ctica, aumentan la efectividad del tratamiento anticelul\u00edtico, y contamos con una amplia variedad de productos que se adaptan a todas las necesidades:&nbsp;<\/p>\n\n\n\n<h4 class=\"wp-block-heading\">Exfoliante anticelul\u00edtico casero<\/h4>\n\n\n\n<p>Es igual que el <strong>exfoliante<\/strong> de uso profesional, pero en un formato pr\u00e1ctico para usarlo en casa. Te recomendamos que lo uses en la ducha; primero apl\u00edcatelo en seco, y seguidamente masajea la zona mientras la humedeces con agua, para posteriormente retirar todo el producto.&nbsp;<\/p>\n\n\n<div class=\"wp-block-image\">\n<figure class=\"aligncenter size-full\"><a href=\"https:\/\/www.vagheggi.es\/tienda\/sinecell\/exfoliante-anticelulitico\"><img decoding=\"async\" loading=\"lazy\" width=\"455\" height=\"455\" src=\"https:\/\/www.vagheggi.es\/blog\/wp-content\/uploads\/2022\/05\/sinecell-exfoliante-anticelulitico-casero.jpg\" alt=\"Exfoliante anticelul\u00edtico para uso en casa de la l\u00ednea Sinecell, productos centrados en combatir el estr\u00e9s. \" class=\"wp-image-5370\" srcset=\"https:\/\/www.vagheggi.es\/blog\/wp-content\/uploads\/2022\/05\/sinecell-exfoliante-anticelulitico-casero.jpg 455w, https:\/\/www.vagheggi.es\/blog\/wp-content\/uploads\/2022\/05\/sinecell-exfoliante-anticelulitico-casero-300x300.jpg 300w, https:\/\/www.vagheggi.es\/blog\/wp-content\/uploads\/2022\/05\/sinecell-exfoliante-anticelulitico-casero-150x150.jpg 150w, https:\/\/www.vagheggi.es\/blog\/wp-content\/uploads\/2022\/05\/sinecell-exfoliante-anticelulitico-casero-340x340.jpg 340w\" sizes=\"(max-width: 455px) 100vw, 455px\" \/><\/a><figcaption class=\"wp-element-caption\"><a href=\"https:\/\/www.vagheggi.es\/tienda\/sinecell\/exfoliante-anticelulitico\">Sinecell &#8211; exfoliante anticelul\u00edtico para uso en casa<\/a><\/figcaption><\/figure><\/div>\n\n\n<h4 class=\"wp-block-heading\">Fango mousse anticelul\u00edtica<\/h4>\n\n\n\n<p>Este producto est\u00e1 pensado como <strong>tratamiento intensivo<\/strong>, por lo que se recomienda aplicarlo una o dos veces en semana, como m\u00e1ximo. Contiene extracto de Jania Rubens, vitamina E, aceite de almendras y manteca de karit\u00e9. Una textura en mousse muy ligera que se aplica a modo mascarilla durante 15 o 20 minutos; puedes maximizar su efecto si realizas una envoltura con film.&nbsp;<\/p>\n\n\n<div class=\"wp-block-image\">\n<figure class=\"aligncenter size-full\"><a href=\"https:\/\/www.vagheggi.es\/tienda\/sinecell\/crema-corporal-anticelulitica-tonificante\"><img decoding=\"async\" loading=\"lazy\" width=\"455\" height=\"455\" src=\"https:\/\/www.vagheggi.es\/blog\/wp-content\/uploads\/2022\/05\/sinecell-fango-mousse-anticelulitico.jpg\" alt=\"Fango mousse anticelul\u00edtico de la l\u00ednea de productos Sinecell para su uso en casa; combate la celulitis disminuyendo los efectos del estr\u00e9s en nuestro organismo. \" class=\"wp-image-5372\" srcset=\"https:\/\/www.vagheggi.es\/blog\/wp-content\/uploads\/2022\/05\/sinecell-fango-mousse-anticelulitico.jpg 455w, https:\/\/www.vagheggi.es\/blog\/wp-content\/uploads\/2022\/05\/sinecell-fango-mousse-anticelulitico-300x300.jpg 300w, https:\/\/www.vagheggi.es\/blog\/wp-content\/uploads\/2022\/05\/sinecell-fango-mousse-anticelulitico-150x150.jpg 150w, https:\/\/www.vagheggi.es\/blog\/wp-content\/uploads\/2022\/05\/sinecell-fango-mousse-anticelulitico-340x340.jpg 340w\" sizes=\"(max-width: 455px) 100vw, 455px\" \/><\/a><figcaption class=\"wp-element-caption\"><a href=\"https:\/\/www.vagheggi.es\/tienda\/sinecell\/crema-corporal-anticelulitica-tonificante\">Sinecell &#8211; Fango mousse anticelul\u00edtico<\/a><\/figcaption><\/figure><\/div>\n\n\n<h4 class=\"wp-block-heading\">S\u00e9rum booster de piernas cansadas<\/h4>\n\n\n\n<p>El s\u00e9rum inclu\u00eddo en esta l\u00ednea est\u00e1 espec\u00edficamente formulado para <strong>aliviar las piernas cansadas<\/strong>, ayud\u00e1ndonos a rebajar posibles hinchazones o problemas de circulaci\u00f3n. Es apto su uso en embarazadas, que agradecer\u00e1n mucho este producto, \u00a1sobre todo en el \u00faltimo trimestre!. Contiene mentol en ciclodextrinas, por lo que provocar\u00e1 una sensaci\u00f3n de frescor, ligereza y alivio de forma gradual durante todo el d\u00eda, siendo el efecto un poco m\u00e1s intenso si nos lo aplicamos nada m\u00e1s salir de la ducha. Tambi\u00e9n contiene extracto de Jania Rubens, hialuronato de sodio y casta\u00f1o de indias.<\/p>\n\n\n<div class=\"wp-block-image\">\n<figure class=\"aligncenter size-full\"><img decoding=\"async\" loading=\"lazy\" width=\"455\" height=\"455\" src=\"https:\/\/www.vagheggi.es\/blog\/wp-content\/uploads\/2022\/05\/sinecell-serum-crio-gel-para-piernas.jpg\" alt=\"S\u00e9rum cr\u00edo gel para piernas cansadas, de la l\u00ednea Sinecell para uso casero. Combate la piel de naranja y minimiza el efecto del estr\u00e9s en la piel. \" class=\"wp-image-5374\" srcset=\"https:\/\/www.vagheggi.es\/blog\/wp-content\/uploads\/2022\/05\/sinecell-serum-crio-gel-para-piernas.jpg 455w, https:\/\/www.vagheggi.es\/blog\/wp-content\/uploads\/2022\/05\/sinecell-serum-crio-gel-para-piernas-300x300.jpg 300w, https:\/\/www.vagheggi.es\/blog\/wp-content\/uploads\/2022\/05\/sinecell-serum-crio-gel-para-piernas-150x150.jpg 150w, https:\/\/www.vagheggi.es\/blog\/wp-content\/uploads\/2022\/05\/sinecell-serum-crio-gel-para-piernas-340x340.jpg 340w\" sizes=\"(max-width: 455px) 100vw, 455px\" \/><figcaption class=\"wp-element-caption\"><a href=\"https:\/\/www.vagheggi.es\/tienda\/sinecell\/serum-crio-gel-para-piernas\">Sinecell &#8211; S\u00e9rum cr\u00edo-gel para piernas<\/a><\/figcaption><\/figure><\/div>\n\n\n<h4 class=\"wp-block-heading\">Mousse frizzante<\/h4>\n\n\n\n<p>La <strong>mousse frizzante<\/strong>, nuestro tratamiento intensivo reductor y anticelul\u00edtico, es uno de los favoritos de nuestros clientes. Debe aplicarse durante 7 d\u00edas seguidos, preferiblemente por la ma\u00f1ana. Es muy f\u00e1cil de aplicar, su textura tipo \u201cpetazetas\u201d te sorprender\u00e1, y te dejar\u00e1 una sensaci\u00f3n de frescor en la piel nada m\u00e1s aplicarlo.<\/p>\n\n\n<div class=\"wp-block-image\">\n<figure class=\"aligncenter size-full is-resized\"><img decoding=\"async\" loading=\"lazy\" src=\"https:\/\/www.vagheggi.es\/blog\/wp-content\/uploads\/2022\/05\/sinecell-mousse-corporal-frizzante.jpg\" alt=\"Mousse corporal frizzante de la l\u00ednea de productos caseros Sinecell, que lucha contra los efectos del estr\u00e9s y la celulitis. \" class=\"wp-image-5376\" width=\"455\" height=\"455\" srcset=\"https:\/\/www.vagheggi.es\/blog\/wp-content\/uploads\/2022\/05\/sinecell-mousse-corporal-frizzante.jpg 455w, https:\/\/www.vagheggi.es\/blog\/wp-content\/uploads\/2022\/05\/sinecell-mousse-corporal-frizzante-300x300.jpg 300w, https:\/\/www.vagheggi.es\/blog\/wp-content\/uploads\/2022\/05\/sinecell-mousse-corporal-frizzante-150x150.jpg 150w, https:\/\/www.vagheggi.es\/blog\/wp-content\/uploads\/2022\/05\/sinecell-mousse-corporal-frizzante-340x340.jpg 340w\" sizes=\"(max-width: 455px) 100vw, 455px\" \/><figcaption class=\"wp-element-caption\"><a href=\"https:\/\/www.vagheggi.es\/tienda\/sinecell\/mousse-corporalfrizzante\">Sinecell &#8211; Mousse corporal frizzante<\/a><\/figcaption><\/figure><\/div>\n\n\n<h4 class=\"wp-block-heading\">Kit &#8211; M\u00e9todo reductor anticelul\u00edtico<\/h4>\n\n\n\n<p>El <strong>kit m\u00e9todo reductor anticelul\u00edtico <\/strong>est\u00e1 enfocado a la noche, ya que su crema es para dormir.<\/p>\n\n\n\n<p>Contiene un concentrado alisador que solo se aplica una vez por semana, se trabaja con el guante de silicona en la ducha y se retira. Tambi\u00e9n contiene una mascarilla de noche anticelul\u00edtica que se deja aplicada para dormir, sin retirarla. Igual que el anterior, es un m\u00e9todo intensivo, y si se realiza bien no deber\u00eda durar m\u00e1s de un mes aproximadamente.<\/p>\n\n\n<div class=\"wp-block-image\">\n<figure class=\"aligncenter size-full\"><a href=\"https:\/\/www.vagheggi.es\/tienda\/sinecell\/crema-corporal-anticelulitica-tonificante\"><img decoding=\"async\" loading=\"lazy\" width=\"455\" height=\"455\" src=\"https:\/\/www.vagheggi.es\/blog\/wp-content\/uploads\/2022\/05\/sinecell-kit-reductor-anticelulitico.jpg\" alt=\"Kit reductor anticelul\u00edtico de la gama de productos Sinecell para usar en casa. Combate la celulitis y disminuye el efecto del estr\u00e9s en la piel. \" class=\"wp-image-5378\" srcset=\"https:\/\/www.vagheggi.es\/blog\/wp-content\/uploads\/2022\/05\/sinecell-kit-reductor-anticelulitico.jpg 455w, https:\/\/www.vagheggi.es\/blog\/wp-content\/uploads\/2022\/05\/sinecell-kit-reductor-anticelulitico-300x300.jpg 300w, https:\/\/www.vagheggi.es\/blog\/wp-content\/uploads\/2022\/05\/sinecell-kit-reductor-anticelulitico-150x150.jpg 150w, https:\/\/www.vagheggi.es\/blog\/wp-content\/uploads\/2022\/05\/sinecell-kit-reductor-anticelulitico-340x340.jpg 340w\" sizes=\"(max-width: 455px) 100vw, 455px\" \/><\/a><figcaption class=\"wp-element-caption\"><a href=\"https:\/\/www.vagheggi.es\/tienda\/sinecell\/crema-corporal-anticelulitica-tonificante\">Sinecell &#8211; Kit reductor anticelul\u00edtico<\/a><\/figcaption><\/figure><\/div>\n\n\n<h4 class=\"wp-block-heading\">Cremas de tratamiento contra la celulitis<\/h4>\n\n\n\n<p>Por \u00faltimo, contamos con dos <strong>cremas de tratamiento anticelul\u00edtico: la de zonas cr\u00edticas y la anticelul\u00edtica reductora.<\/strong><\/p>\n\n\n\n<p>Son productos muy parecidos, ambas con esas dos algas protagonistas, pero una produce sensaciones y la otra no. La sensaci\u00f3n al aplicarlas es de leve cosquilleo u hormigueo, por lo que es importante lavarse bien las manos tras su aplicaci\u00f3n.&nbsp;<\/p>\n\n\n\n<div class=\"wp-block-columns is-layout-flex wp-container-9\">\n<div class=\"wp-block-column is-layout-flow\">\n<figure class=\"wp-block-image size-full is-resized\"><a href=\"https:\/\/www.vagheggi.es\/tienda\/sinecell\/crema-reductora-para-zonas-criticas?category=cremas-corporales\"><img decoding=\"async\" loading=\"lazy\" src=\"https:\/\/www.vagheggi.es\/blog\/wp-content\/uploads\/2022\/05\/sinecell-crema-reductora-para-zonas-criticas.jpg\" alt=\"Crema reductora para zonas cr\u00edticas, de la l\u00ednea de productos caseros de Sinecell. Combate los efectos del estr\u00e9s y lib\u00e9rate de la gras localizada. \" class=\"wp-image-5380\" width=\"402\" height=\"402\" srcset=\"https:\/\/www.vagheggi.es\/blog\/wp-content\/uploads\/2022\/05\/sinecell-crema-reductora-para-zonas-criticas.jpg 455w, https:\/\/www.vagheggi.es\/blog\/wp-content\/uploads\/2022\/05\/sinecell-crema-reductora-para-zonas-criticas-300x300.jpg 300w, https:\/\/www.vagheggi.es\/blog\/wp-content\/uploads\/2022\/05\/sinecell-crema-reductora-para-zonas-criticas-150x150.jpg 150w, https:\/\/www.vagheggi.es\/blog\/wp-content\/uploads\/2022\/05\/sinecell-crema-reductora-para-zonas-criticas-340x340.jpg 340w\" sizes=\"(max-width: 402px) 100vw, 402px\" \/><\/a><figcaption class=\"wp-element-caption\"><a href=\"https:\/\/www.vagheggi.es\/tienda\/sinecell\/crema-reductora-para-zonas-criticas?category=cremas-corporales\">Sinecell &#8211; Crema reductora para zonas cr\u00edticas<\/a><\/figcaption><\/figure>\n<\/div>\n\n\n\n<div class=\"wp-block-column is-layout-flow\"><div class=\"wp-block-image\">\n<figure class=\"aligncenter size-full\"><a href=\"https:\/\/www.vagheggi.es\/tienda\/sinecell\/crema-anticelulitica-reductora\"><img decoding=\"async\" loading=\"lazy\" width=\"455\" height=\"455\" src=\"https:\/\/www.vagheggi.es\/blog\/wp-content\/uploads\/2022\/05\/sinecell-crema-anticelulitica-reductora-1.jpg\" alt=\"Crema anticelul\u00edtica reductora dentro de los productos caseros de la l\u00ednea Sinecell, que ayuda a reducir la grasa localizada que se acumula por culpa del estr\u00e9s. \" class=\"wp-image-5381\" srcset=\"https:\/\/www.vagheggi.es\/blog\/wp-content\/uploads\/2022\/05\/sinecell-crema-anticelulitica-reductora-1.jpg 455w, https:\/\/www.vagheggi.es\/blog\/wp-content\/uploads\/2022\/05\/sinecell-crema-anticelulitica-reductora-1-300x300.jpg 300w, https:\/\/www.vagheggi.es\/blog\/wp-content\/uploads\/2022\/05\/sinecell-crema-anticelulitica-reductora-1-150x150.jpg 150w, https:\/\/www.vagheggi.es\/blog\/wp-content\/uploads\/2022\/05\/sinecell-crema-anticelulitica-reductora-1-340x340.jpg 340w\" sizes=\"(max-width: 455px) 100vw, 455px\" \/><\/a><figcaption class=\"wp-element-caption\"><a href=\"https:\/\/www.vagheggi.es\/tienda\/sinecell\/crema-anticelulitica-reductora\">Sinecell &#8211; Crema anticelul\u00edtica reductora<\/a><\/figcaption><\/figure><\/div><\/div>\n<\/div>\n","protected":false},"excerpt":{"rendered":"<p>El estr\u00e9s es uno de los males end\u00e9micos del siglo XXI, y se estima que afecta a un 42% de la poblaci\u00f3n espa\u00f1ola. Los motivos son variados, pero est\u00e1n relacionados con la ajetreada agenda que vivimos cada d\u00eda, repleta de obligaciones personales, sociales, laborales y familiares. No es necesario haber vivido un acontecimiento traum\u00e1tico para [&hellip;]<\/p>\n","protected":false},"author":7,"featured_media":5353,"comment_status":"closed","ping_status":"open","sticky":false,"template":"","format":"standard","meta":[],"categories":[196],"tags":[],"yoast_head":"<!-- This site is optimized with the Yoast SEO plugin v19.13 - https:\/\/yoast.com\/wordpress\/plugins\/seo\/ -->\n<title>\u00bfQu\u00e9 efectos tiene el estr\u00e9s en nuestro cuerpo? | Vagheggi Espa\u00f1a<\/title>\n<meta name=\"description\" content=\"Sufrir estr\u00e9s de forma prolongada puede tener efectos nocivos para tu organismo. Te contamos c\u00f3mo le afecta el estr\u00e9s a tu piel.\" \/>\n<meta name=\"robots\" content=\"index, follow, max-snippet:-1, max-image-preview:large, max-video-preview:-1\" \/>\n<link rel=\"canonical\" href=\"https:\/\/www.vagheggi.es\/blog\/efectos-estres-en-nuestro-cuerpo\" \/>\n<meta property=\"og:locale\" content=\"es_ES\" \/>\n<meta property=\"og:type\" content=\"article\" \/>\n<meta property=\"og:title\" content=\"\u00bfQu\u00e9 efectos tiene el estr\u00e9s en nuestro cuerpo? | Vagheggi Espa\u00f1a\" \/>\n<meta property=\"og:description\" content=\"Sufrir estr\u00e9s de forma prolongada puede tener efectos nocivos para tu organismo. Te contamos c\u00f3mo le afecta el estr\u00e9s a tu piel.\" \/>\n<meta property=\"og:url\" content=\"https:\/\/www.vagheggi.es\/blog\/efectos-estres-en-nuestro-cuerpo\" \/>\n<meta property=\"og:site_name\" content=\"VGH Lifestyle\" \/>\n<meta property=\"article:publisher\" content=\"https:\/\/www.facebook.com\/vagheggicosmetica\" \/>\n<meta property=\"article:published_time\" content=\"2022-05-23T10:54:23+00:00\" \/>\n<meta property=\"article:modified_time\" content=\"2025-03-31T12:57:44+00:00\" \/>\n<meta property=\"og:image\" content=\"https:\/\/www.vagheggi.es\/blog\/wp-content\/uploads\/2022\/05\/Efectos-estres-cuerpo.jpg\" \/>\n\t<meta property=\"og:image:width\" content=\"1660\" \/>\n\t<meta property=\"og:image:height\" content=\"516\" \/>\n\t<meta property=\"og:image:type\" content=\"image\/jpeg\" \/>\n<meta name=\"author\" content=\"Inbound_MAS\" \/>\n<meta name=\"twitter:card\" content=\"summary_large_image\" \/>\n<meta name=\"twitter:creator\" content=\"@vagheggicosmetica_es\" \/>\n<meta name=\"twitter:site\" content=\"@vagheggicosmetica_es\" \/>\n<meta name=\"twitter:label1\" content=\"Escrito por\" \/>\n\t<meta name=\"twitter:data1\" content=\"Inbound_MAS\" \/>\n\t<meta name=\"twitter:label2\" content=\"Tiempo de lectura\" \/>\n\t<meta name=\"twitter:data2\" content=\"14 minutos\" \/>\n<script type=\"application\/ld+json\" class=\"yoast-schema-graph\">{\"@context\":\"https:\/\/schema.org\",\"@graph\":[{\"@type\":\"WebPage\",\"@id\":\"https:\/\/www.vagheggi.es\/blog\/efectos-estres-en-nuestro-cuerpo\",\"url\":\"https:\/\/www.vagheggi.es\/blog\/efectos-estres-en-nuestro-cuerpo\",\"name\":\"\u00bfQu\u00e9 efectos tiene el estr\u00e9s en nuestro cuerpo? | Vagheggi Espa\u00f1a\",\"isPartOf\":{\"@id\":\"https:\/\/www.vagheggi.es\/blog\/#website\"},\"datePublished\":\"2022-05-23T10:54:23+00:00\",\"dateModified\":\"2025-03-31T12:57:44+00:00\",\"author\":{\"@id\":\"https:\/\/www.vagheggi.es\/blog\/#\/schema\/person\/ecfbb2711d949759b4f187681321fd43\"},\"description\":\"Sufrir estr\u00e9s de forma prolongada puede tener efectos nocivos para tu organismo. Te contamos c\u00f3mo le afecta el estr\u00e9s a tu piel.\",\"breadcrumb\":{\"@id\":\"https:\/\/www.vagheggi.es\/blog\/efectos-estres-en-nuestro-cuerpo#breadcrumb\"},\"inLanguage\":\"es\",\"potentialAction\":[{\"@type\":\"ReadAction\",\"target\":[\"https:\/\/www.vagheggi.es\/blog\/efectos-estres-en-nuestro-cuerpo\"]}]},{\"@type\":\"BreadcrumbList\",\"@id\":\"https:\/\/www.vagheggi.es\/blog\/efectos-estres-en-nuestro-cuerpo#breadcrumb\",\"itemListElement\":[{\"@type\":\"ListItem\",\"position\":1,\"name\":\"Portada\",\"item\":\"https:\/\/www.vagheggi.es\/blog\/\"},{\"@type\":\"ListItem\",\"position\":2,\"name\":\"\u00bfQU\u00c9 EFECTOS TIENE EL ESTR\u00c9S EN NUESTRO CUERPO?\"}]},{\"@type\":\"WebSite\",\"@id\":\"https:\/\/www.vagheggi.es\/blog\/#website\",\"url\":\"https:\/\/www.vagheggi.es\/blog\/\",\"name\":\"VGH Lifestyle\",\"description\":\"VGH Lifestyle\",\"potentialAction\":[{\"@type\":\"SearchAction\",\"target\":{\"@type\":\"EntryPoint\",\"urlTemplate\":\"https:\/\/www.vagheggi.es\/blog\/?s={search_term_string}\"},\"query-input\":\"required name=search_term_string\"}],\"inLanguage\":\"es\"},{\"@type\":\"Person\",\"@id\":\"https:\/\/www.vagheggi.es\/blog\/#\/schema\/person\/ecfbb2711d949759b4f187681321fd43\",\"name\":\"Inbound_MAS\",\"image\":{\"@type\":\"ImageObject\",\"inLanguage\":\"es\",\"@id\":\"https:\/\/www.vagheggi.es\/blog\/#\/schema\/person\/image\/\",\"url\":\"https:\/\/secure.gravatar.com\/avatar\/88f457500b1172e285d10811789e5644?s=96&d=mm&r=g\",\"contentUrl\":\"https:\/\/secure.gravatar.com\/avatar\/88f457500b1172e285d10811789e5644?s=96&d=mm&r=g\",\"caption\":\"Inbound_MAS\"}}]}<\/script>\n<!-- \/ Yoast SEO plugin. -->","yoast_head_json":{"title":"\u00bfQu\u00e9 efectos tiene el estr\u00e9s en nuestro cuerpo? | Vagheggi Espa\u00f1a","description":"Sufrir estr\u00e9s de forma prolongada puede tener efectos nocivos para tu organismo. Te contamos c\u00f3mo le afecta el estr\u00e9s a tu piel.","robots":{"index":"index","follow":"follow","max-snippet":"max-snippet:-1","max-image-preview":"max-image-preview:large","max-video-preview":"max-video-preview:-1"},"canonical":"https:\/\/www.vagheggi.es\/blog\/efectos-estres-en-nuestro-cuerpo","og_locale":"es_ES","og_type":"article","og_title":"\u00bfQu\u00e9 efectos tiene el estr\u00e9s en nuestro cuerpo? | Vagheggi Espa\u00f1a","og_description":"Sufrir estr\u00e9s de forma prolongada puede tener efectos nocivos para tu organismo. Te contamos c\u00f3mo le afecta el estr\u00e9s a tu piel.","og_url":"https:\/\/www.vagheggi.es\/blog\/efectos-estres-en-nuestro-cuerpo","og_site_name":"VGH Lifestyle","article_publisher":"https:\/\/www.facebook.com\/vagheggicosmetica","article_published_time":"2022-05-23T10:54:23+00:00","article_modified_time":"2025-03-31T12:57:44+00:00","og_image":[{"width":1660,"height":516,"url":"https:\/\/www.vagheggi.es\/blog\/wp-content\/uploads\/2022\/05\/Efectos-estres-cuerpo.jpg","type":"image\/jpeg"}],"author":"Inbound_MAS","twitter_card":"summary_large_image","twitter_creator":"@vagheggicosmetica_es","twitter_site":"@vagheggicosmetica_es","twitter_misc":{"Escrito por":"Inbound_MAS","Tiempo de lectura":"14 minutos"},"schema":{"@context":"https:\/\/schema.org","@graph":[{"@type":"WebPage","@id":"https:\/\/www.vagheggi.es\/blog\/efectos-estres-en-nuestro-cuerpo","url":"https:\/\/www.vagheggi.es\/blog\/efectos-estres-en-nuestro-cuerpo","name":"\u00bfQu\u00e9 efectos tiene el estr\u00e9s en nuestro cuerpo? | Vagheggi Espa\u00f1a","isPartOf":{"@id":"https:\/\/www.vagheggi.es\/blog\/#website"},"datePublished":"2022-05-23T10:54:23+00:00","dateModified":"2025-03-31T12:57:44+00:00","author":{"@id":"https:\/\/www.vagheggi.es\/blog\/#\/schema\/person\/ecfbb2711d949759b4f187681321fd43"},"description":"Sufrir estr\u00e9s de forma prolongada puede tener efectos nocivos para tu organismo. Te contamos c\u00f3mo le afecta el estr\u00e9s a tu piel.","breadcrumb":{"@id":"https:\/\/www.vagheggi.es\/blog\/efectos-estres-en-nuestro-cuerpo#breadcrumb"},"inLanguage":"es","potentialAction":[{"@type":"ReadAction","target":["https:\/\/www.vagheggi.es\/blog\/efectos-estres-en-nuestro-cuerpo"]}]},{"@type":"BreadcrumbList","@id":"https:\/\/www.vagheggi.es\/blog\/efectos-estres-en-nuestro-cuerpo#breadcrumb","itemListElement":[{"@type":"ListItem","position":1,"name":"Portada","item":"https:\/\/www.vagheggi.es\/blog\/"},{"@type":"ListItem","position":2,"name":"\u00bfQU\u00c9 EFECTOS TIENE EL ESTR\u00c9S EN NUESTRO CUERPO?"}]},{"@type":"WebSite","@id":"https:\/\/www.vagheggi.es\/blog\/#website","url":"https:\/\/www.vagheggi.es\/blog\/","name":"VGH Lifestyle","description":"VGH Lifestyle","potentialAction":[{"@type":"SearchAction","target":{"@type":"EntryPoint","urlTemplate":"https:\/\/www.vagheggi.es\/blog\/?s={search_term_string}"},"query-input":"required name=search_term_string"}],"inLanguage":"es"},{"@type":"Person","@id":"https:\/\/www.vagheggi.es\/blog\/#\/schema\/person\/ecfbb2711d949759b4f187681321fd43","name":"Inbound_MAS","image":{"@type":"ImageObject","inLanguage":"es","@id":"https:\/\/www.vagheggi.es\/blog\/#\/schema\/person\/image\/","url":"https:\/\/secure.gravatar.com\/avatar\/88f457500b1172e285d10811789e5644?s=96&d=mm&r=g","contentUrl":"https:\/\/secure.gravatar.com\/avatar\/88f457500b1172e285d10811789e5644?s=96&d=mm&r=g","caption":"Inbound_MAS"}}]}},"_links":{"self":[{"href":"https:\/\/www.vagheggi.es\/blog\/wp-json\/wp\/v2\/posts\/5349"}],"collection":[{"href":"https:\/\/www.vagheggi.es\/blog\/wp-json\/wp\/v2\/posts"}],"about":[{"href":"https:\/\/www.vagheggi.es\/blog\/wp-json\/wp\/v2\/types\/post"}],"author":[{"embeddable":true,"href":"https:\/\/www.vagheggi.es\/blog\/wp-json\/wp\/v2\/users\/7"}],"replies":[{"embeddable":true,"href":"https:\/\/www.vagheggi.es\/blog\/wp-json\/wp\/v2\/comments?post=5349"}],"version-history":[{"count":6,"href":"https:\/\/www.vagheggi.es\/blog\/wp-json\/wp\/v2\/posts\/5349\/revisions"}],"predecessor-version":[{"id":7750,"href":"https:\/\/www.vagheggi.es\/blog\/wp-json\/wp\/v2\/posts\/5349\/revisions\/7750"}],"wp:featuredmedia":[{"embeddable":true,"href":"https:\/\/www.vagheggi.es\/blog\/wp-json\/wp\/v2\/media\/5353"}],"wp:attachment":[{"href":"https:\/\/www.vagheggi.es\/blog\/wp-json\/wp\/v2\/media?parent=5349"}],"wp:term":[{"taxonomy":"category","embeddable":true,"href":"https:\/\/www.vagheggi.es\/blog\/wp-json\/wp\/v2\/categories?post=5349"},{"taxonomy":"post_tag","embeddable":true,"href":"https:\/\/www.vagheggi.es\/blog\/wp-json\/wp\/v2\/tags?post=5349"}],"curies":[{"name":"wp","href":"https:\/\/api.w.org\/{rel}","templated":true}]}}