{"id":6407,"date":"2024-01-22T08:39:03","date_gmt":"2024-01-22T08:39:03","guid":{"rendered":"https:\/\/www.vagheggi.es\/blog\/?p=6407"},"modified":"2024-03-05T09:04:59","modified_gmt":"2024-03-05T09:04:59","slug":"familia-vagheggi-innixi","status":"publish","type":"post","link":"https:\/\/www.vagheggi.es\/blog\/familia-vagheggi-innixi","title":{"rendered":"Innovaci\u00f3n y compromiso en la est\u00e9tica oncol\u00f3gica"},"content":{"rendered":"\n<p>\u00a1Bienvenida a la primera edici\u00f3n de 2024 de nuestras entrevistas a la Familia Vagheggi!&nbsp;<\/p>\n\n\n\n<p>Este mes, te presentamos una entrevista inspiradora con <strong>Mar\u00eda G\u00f3mez Bulnes<\/strong>, una pionera en el campo de la <strong>est\u00e9tica oncol\u00f3gica<\/strong>.&nbsp;<\/p>\n\n\n\n<p>Mar\u00eda es fundadora del centro Innixi en Sevilla, Y nos abre las puertas a \u201csu mundo\u201d, donde la belleza y el cuidado se fusionan con una misi\u00f3n: <strong>transformar la vida de los pacientes oncol\u00f3gicos a trav\u00e9s de la est\u00e9tica<\/strong>.<\/p>\n\n\n\n<p>Con una trayectoria marcada por la pasi\u00f3n y el aprendizaje continuo, <strong>Mar\u00eda comparte con nosotros su viaje desde sus inicios <\/strong>en peluquer\u00eda hasta convertirse en una referente en est\u00e9tica oncol\u00f3gica.&nbsp;<\/p>\n\n\n\n<p>En esta entrevista exclusiva nos descubre c\u00f3mo su compromiso con la atenci\u00f3n personalizada y la elecci\u00f3n cuidadosa de productos cosm\u00e9ticos, como la marca Vagheggi, ha marcado la diferencia en la vida de sus clientes. Y nos ofrece una mirada \u00edntima a su filosof\u00eda de trabajo, los desaf\u00edos y satisfacciones de atender a pacientes oncol\u00f3gicos y su visi\u00f3n futurista para el centro Innixi.&nbsp;<\/p>\n\n\n\n<p><strong>Mar\u00eda nos inspira a ver la belleza y la est\u00e9tica desde una perspectiva totalmente nueva\u2026<\/strong>&nbsp;&nbsp;<\/p>\n\n\n\n<p><\/p>\n\n\n\n<figure class=\"wp-block-image size-large\"><img decoding=\"async\" loading=\"lazy\" width=\"1024\" height=\"683\" src=\"https:\/\/www.vagheggi.es\/blog\/wp-content\/uploads\/2024\/01\/INNIXI-45-scaled-e1705913234628-1024x683.jpg\" alt=\"\" class=\"wp-image-6413\" srcset=\"https:\/\/www.vagheggi.es\/blog\/wp-content\/uploads\/2024\/01\/INNIXI-45-scaled-e1705913234628-1024x683.jpg 1024w, https:\/\/www.vagheggi.es\/blog\/wp-content\/uploads\/2024\/01\/INNIXI-45-scaled-e1705913234628-300x200.jpg 300w, https:\/\/www.vagheggi.es\/blog\/wp-content\/uploads\/2024\/01\/INNIXI-45-scaled-e1705913234628-768x512.jpg 768w, https:\/\/www.vagheggi.es\/blog\/wp-content\/uploads\/2024\/01\/INNIXI-45-scaled-e1705913234628-692x463.jpg 692w, https:\/\/www.vagheggi.es\/blog\/wp-content\/uploads\/2024\/01\/INNIXI-45-scaled-e1705913234628-348x233.jpg 348w, https:\/\/www.vagheggi.es\/blog\/wp-content\/uploads\/2024\/01\/INNIXI-45-scaled-e1705913234628-340x227.jpg 340w, https:\/\/www.vagheggi.es\/blog\/wp-content\/uploads\/2024\/01\/INNIXI-45-scaled-e1705913234628-272x182.jpg 272w, https:\/\/www.vagheggi.es\/blog\/wp-content\/uploads\/2024\/01\/INNIXI-45-scaled-e1705913234628.jpg 1500w\" sizes=\"(max-width: 1024px) 100vw, 1024px\" \/><\/figure>\n\n\n\n<h2 class=\"wp-block-heading\"><span class=\"ez-toc-section\" id=\"1_Antecedentes_y_presentacion\"><\/span><strong>1. Antecedentes y presentaci\u00f3n:<\/strong><span class=\"ez-toc-section-end\"><\/span><\/h2>\n\n\n\n<ul>\n<li><strong>Introducci\u00f3n personal y del centro<\/strong>. \u00bfPodr\u00edas contarnos sobre tus inicios y el desarrollo de tu carrera en el \u00e1mbito de la est\u00e9tica y belleza? \u00bfQu\u00e9 te llev\u00f3 a fundar tu propio centro est\u00e9tico?<\/li>\n<\/ul>\n\n\n\n<p><em>Estudi\u00e9 est\u00e9tica de rebote porque yo realmente empec\u00e9 en peluquer\u00eda, cuando termin\u00e9 la peluquer\u00eda segu\u00ed haciendo est\u00e9tica para complementar a la peluquer\u00eda, pero mi realidad fue que dej\u00e9 totalmente la peluquer\u00eda porque me enamor\u00e9 perdidamente de la profesi\u00f3n.<\/em><\/p>\n\n\n\n<p><em>Mis inicios fueron en centros de peluquer\u00eda que ten\u00edan est\u00e9tica, luego segu\u00ed trabajando en centros de referencia de mi zona donde aprend\u00ed much\u00edsimo y posteriormente trabaj\u00e9 como formadora en diferentes marcas, toda esta experiencia me hizo ver tanto las buenas como las malas costumbres, ese fue mi motivo para emprender y crear mi propio centro, con mi propio m\u00e9todo de trabajo.<\/em><\/p>\n\n\n\n<ul>\n<li><strong>Filosof\u00eda del centro<\/strong>. \u00bfCu\u00e1l es la filosof\u00eda o misi\u00f3n que define a tu centro est\u00e9tico y c\u00f3mo se refleja esto en tu trabajo diario?<\/li>\n<\/ul>\n\n\n\n<p><em>Mi filosof\u00eda profesional coincide con mi filosof\u00eda personal que es ayudar a las personas.&nbsp;<\/em><\/p>\n\n\n\n<p><em>Estoy muy volcada en la ayuda del paciente oncol\u00f3gico en una etapa de su vida que no es tan sencilla.<\/em><\/p>\n\n\n\n<p><em>Esto hace que cada vez me guste m\u00e1s mi trabajo, soy una persona que nunca ha dejado de formarse para darle a mis clientas lo mejor de m\u00ed, incluso en etapas duras de su vida.<\/em><\/p>\n\n\n\n<h2 class=\"wp-block-heading\"><span class=\"ez-toc-section\" id=\"2_Eleccion_y_experiencia_con_la_marca_Vagheggi\"><\/span><strong>2. Elecci\u00f3n y experiencia con la marca Vagheggi:<\/strong><span class=\"ez-toc-section-end\"><\/span><\/h2>\n\n\n\n<ul>\n<li><strong>Descubrimiento de la marca<\/strong>.&nbsp;<\/li>\n<\/ul>\n\n\n\n<p>\u00bfC\u00f3mo descubriste la marca de cosm\u00e9tica que has elegido para tu centro?&nbsp;<\/p>\n\n\n\n<p><em>Me la recomend\u00f3 una compa\u00f1era de profesi\u00f3n.<\/em><\/p>\n\n\n\n<p>&nbsp;\u00bfHubo alg\u00fan factor decisivo que te impulsara a elegir esta marca en particular?<\/p>\n\n\n\n<p><em>En mi experiencia como formadora ten\u00eda claro que un punto clave y muy importante para m\u00ed era la atenci\u00f3n al cliente, el c\u00f3mo trata la firma a su cliente, es decir, a nosotras las profesionales.<\/em><\/p>\n\n\n\n<p><em>Buscaba una firma que tuviera una filosof\u00eda como la m\u00eda, que adem\u00e1s respetase la piel desde su cuidado y que cumpliera con la sostenibilidad y el respeto al medio ambiente.&nbsp;<\/em><\/p>\n\n\n\n<p><em>Vagheggi me demostr\u00f3 que cumpl\u00eda todos mis requisitos.<\/em><\/p>\n\n\n\n<p><em>Como parte decisiva en mi decisi\u00f3n fue probarla en cabina, yo tengo no solo clientes, sino pacientes oncol\u00f3gicos, a los que debo dar un servicio en momentos en los que su piel llega al l\u00edmite, ver como su piel mejora y como cubre sus necesidades en esos momentos fue un punto decisivo.<\/em><\/p>\n\n\n\n<ul>\n<li><strong>Beneficios distintivos<\/strong>. Desde tu experiencia, \u00bfqu\u00e9 aspectos diferencian a estos productos de belleza de otras opciones en el mercado?<\/li>\n<\/ul>\n\n\n\n<p><em>Sobre todo, por la facilidad que me da para venderlo, cliente que lo prueba, cliente que quiere repetir, eso es importante.<\/em><\/p>\n\n\n\n<h2 class=\"wp-block-heading\"><span class=\"ez-toc-section\" id=\"3_Impacto_y_testimonios\"><\/span><strong>3. Impacto y testimonios:<\/strong><span class=\"ez-toc-section-end\"><\/span><\/h2>\n\n\n\n<ul>\n<li><strong>Reacciones de los clientes<\/strong>. \u00bfC\u00f3mo han reaccionado tus clientes a los tratamientos utilizando estos productos? \u00bfHay alg\u00fan cambio notable que hayas observado?<\/li>\n<\/ul>\n\n\n\n<p><em>Mis clientes notan mucho los resultados, est\u00e1n encantados con los productos, por supuesto un buen producto va acompa\u00f1ado de un buen diagn\u00f3stico, si por muy buena que sea una crema no es para la persona adecuada, no le podr\u00e1 gustar.<\/em><\/p>\n\n\n\n<p><em>Cambios se ven en todos los tratamientos, White Moon es uno de mis preferidos, destacando la luminosidad, jugosidad, relleno e hidrataci\u00f3n que les aporta.<\/em><\/p>\n\n\n\n<p><em>Y en mi caso utilizo mucho Emozioni para todos los clientes oncol\u00f3gicos, esa calma, dermatitis, psoriasis.<\/em><\/p>\n\n\n\n<ul>\n<li><strong>Historias destacadas<\/strong>. \u00bfPuedes compartir alguna historia o testimonio particularmente relevante relacionado con los productos o tratamientos que ofreces?<\/li>\n<\/ul>\n\n\n\n<p><em>Si, recientemente un caso oncol\u00f3gico de 4 sesiones, los resultados fueron espectaculares, le calm\u00f3 la piel, viniendo en un estado muy cr\u00edtico debido al tratamiento de quimioterapia.<\/em><\/p>\n\n\n\n<p><em>Quiero destacar que en cualquier situaci\u00f3n es importante la constancia en casa, pero en estos casos a\u00fan m\u00e1s, mis clientes siguen mis recomendaciones y eso hace que el resultado sea el id\u00f3neo.<\/em><\/p>\n\n\n\n<h2 class=\"wp-block-heading\"><span class=\"ez-toc-section\" id=\"4_Practicas_y_recomendaciones\"><\/span><strong>4. Pr\u00e1cticas y recomendaciones:<\/strong><span class=\"ez-toc-section-end\"><\/span><\/h2>\n\n\n\n<ul>\n<li><strong>Consejos para profesionales<\/strong>. Bas\u00e1ndote en tu experiencia, \u00bfqu\u00e9 consejos dar\u00edas a otros profesionales sobre la integraci\u00f3n efectiva de estos productos en sus tratamientos?<\/li>\n<\/ul>\n\n\n\n<p><em>Lo que les recomendar\u00eda es que se sigan formando constantemente.&nbsp;<\/em><\/p>\n\n\n\n<p><em>Vagheggi es una firma que nos da herramientas en formaci\u00f3n y creo que es importante que las aprovechen, incluso aunque ya conozcas el producto es importante que asistan a las formaciones, puesto que siempre se aprende algo nuevo.&nbsp;<\/em><\/p>\n\n\n\n<p><em>Destacar\u00eda herramientas como los v\u00eddeos y las fichas de protocolos, es importante estudiarlas para dar mejor servicio a nuestras clientas.<\/em><\/p>\n\n\n\n<p><em>Y por \u00faltimo les dir\u00eda que no tengan miedo a la venta, ya que somos prescriptoras de belleza y no hay mejor persona para recomendar un producto que nosotras mismas.<\/em><\/p>\n\n\n\n<ul>\n<li><strong>Errores comunes y soluciones<\/strong>. \u00bfHay errores comunes que ves en el sector que estos productos ayudan a solucionar o mitigar?<\/li>\n<\/ul>\n\n\n\n<p><em>Son cosm\u00e9ticos que cuidan y miman la piel en todo su conjunto, eso te hacen trabajar con mucha seguridad en cualquier piel, pero como ya comentaba antes, en mi caso puedo destacar el trabajar una piel da\u00f1ada debido a tratamientos muy agresivos como la quimioterapia, donde los resultados son visibles y me ayuda mucho a calmar este tipo de pieles.<\/em><\/p>\n\n\n\n<h2 class=\"wp-block-heading\"><span class=\"ez-toc-section\" id=\"5_Comunidad_y_colaboracion\"><\/span><strong>5. Comunidad y colaboraci\u00f3n:<\/strong><span class=\"ez-toc-section-end\"><\/span><\/h2>\n\n\n\n<ul>\n<li><strong>Relaci\u00f3n con la marca y la Familia Vagheggi<\/strong>. \u00bfC\u00f3mo describir\u00edas tu relaci\u00f3n con Vagheggi? \u00bfC\u00f3mo ha influido esto en tu negocio?<\/li>\n<\/ul>\n\n\n\n<p><em>La relaci\u00f3n es muy agradable, mi asesora todos los meses pasa a visitarme para solucionar mis dudas.<\/em><\/p>\n\n\n\n<p><em>En alguna ocasi\u00f3n, si la consulta era m\u00e1s t\u00e9cnica, me la solucionan r\u00e1pidamente desde el departamento de formaci\u00f3n, o si he necesitado algo espec\u00edfico, han consultado al laboratorio.<\/em><\/p>\n\n\n\n<p><em>Me influye en que me da seguridad, siempre voy a tener una respuesta r\u00e1pida a mis dudas y voy a poder hacer mi trabajo bien.<\/em><\/p>\n\n\n\n<ul>\n<li><strong>Experiencias de colaboraci\u00f3n<\/strong>. \u00bfHas participado en eventos de colaboraci\u00f3n o intercambio de conocimientos con otros centros asociados a la marca?<\/li>\n<\/ul>\n\n\n\n<p><em>He estado en alguna formaci\u00f3n presencial con compa\u00f1eras y son muy productivas, ahora asistir\u00e9 al siguiente Vagheggi Experience que me han contado que es una convivencia espectacular, estoy deseando.<\/em><\/p>\n\n\n\n<h2 class=\"wp-block-heading\"><span class=\"ez-toc-section\" id=\"6_Futuro_y_aspiraciones\"><\/span><strong>6. Futuro y aspiraciones:<\/strong><span class=\"ez-toc-section-end\"><\/span><\/h2>\n\n\n\n<ul>\n<li><strong>Expectativas de productos futuros<\/strong>. Mirando hacia el futuro, \u00bfhay alguna innovaci\u00f3n o tipo de producto que te gustar\u00eda ver en las l\u00edneas de Vagheggi?<\/li>\n<\/ul>\n\n\n\n<p><em>La verdad que no creo que falte ni sobre nada en Vagheggi, pero siempre al final me sorprenden.<\/em><\/p>\n\n\n\n<p><em>Siempre he pensado que me faltaba alg\u00fan producto con retinol, pero recientemente he descubierto que si existe.<\/em><\/p>\n\n\n\n<ul>\n<li><strong>Visi\u00f3n a largo plazo para tu centro<\/strong>. \u00bfCu\u00e1les son tus planes o visiones para el desarrollo futuro de tu centro est\u00e9tico? \u00bfC\u00f3mo encaja Vagheggi en estos planes?<\/li>\n<\/ul>\n\n\n\n<p><em>Mi visi\u00f3n dentro de 5 a\u00f1os es tener equipo en el centro, poder dedicarme a la parte de gesti\u00f3n y volcarme en formar en est\u00e9tica oncol\u00f3gica a otras profesionales.<\/em><\/p>\n\n\n\n<p><em>Por supuesto, Vagheggi encaja perfectamente en mi futuro, incluso como colaboradora en este mundo oncol\u00f3gico cada vez m\u00e1s necesitado entre nuestras clientes.<\/em><br><\/p>\n\n\n\n<figure class=\"wp-block-image size-large\"><img decoding=\"async\" loading=\"lazy\" width=\"1024\" height=\"683\" src=\"https:\/\/www.vagheggi.es\/blog\/wp-content\/uploads\/2024\/01\/INNIXI-67-scaled-e1705913396447-1024x683.jpg\" alt=\"\" class=\"wp-image-6415\" srcset=\"https:\/\/www.vagheggi.es\/blog\/wp-content\/uploads\/2024\/01\/INNIXI-67-scaled-e1705913396447-1024x683.jpg 1024w, https:\/\/www.vagheggi.es\/blog\/wp-content\/uploads\/2024\/01\/INNIXI-67-scaled-e1705913396447-300x200.jpg 300w, https:\/\/www.vagheggi.es\/blog\/wp-content\/uploads\/2024\/01\/INNIXI-67-scaled-e1705913396447-768x512.jpg 768w, https:\/\/www.vagheggi.es\/blog\/wp-content\/uploads\/2024\/01\/INNIXI-67-scaled-e1705913396447-692x463.jpg 692w, https:\/\/www.vagheggi.es\/blog\/wp-content\/uploads\/2024\/01\/INNIXI-67-scaled-e1705913396447-348x233.jpg 348w, https:\/\/www.vagheggi.es\/blog\/wp-content\/uploads\/2024\/01\/INNIXI-67-scaled-e1705913396447-340x227.jpg 340w, https:\/\/www.vagheggi.es\/blog\/wp-content\/uploads\/2024\/01\/INNIXI-67-scaled-e1705913396447-272x182.jpg 272w, https:\/\/www.vagheggi.es\/blog\/wp-content\/uploads\/2024\/01\/INNIXI-67-scaled-e1705913396447.jpg 1500w\" sizes=\"(max-width: 1024px) 100vw, 1024px\" \/><\/figure>\n\n\n\n<h2 class=\"wp-block-heading\"><span class=\"ez-toc-section\" id=\"7_Reflexiones_finales\"><\/span><strong>7. Reflexiones finales:<\/strong><span class=\"ez-toc-section-end\"><\/span><\/h2>\n\n\n\n<ul>\n<li><strong>Mensaje para la Familia Vagheggi<\/strong>. \u00bfQu\u00e9 mensaje o consejo te gustar\u00eda compartir con todos los centros que conforman esta gran comunidad de centros con productos Vagheggi?<\/li>\n<\/ul>\n\n\n\n<p><em>Mi consejo es que conf\u00eden en la marca tanto a nivel producto por su calidad como por el margen de beneficios que nos deja con su venta, pero&nbsp; sobre todo a nivel equipo, porque son profesionales y saben c\u00f3mo aconsejarlas.<\/em><\/p>\n\n\n\n<ul>\n<li><strong>Informaci\u00f3n de contacto y redes sociales<\/strong>. \u00bfD\u00f3nde pueden las personas interesadas obtener m\u00e1s informaci\u00f3n sobre tu centro y los tratamientos que ofreces?\n<ul>\n<li>Innixi, tu espacio personal<\/li>\n\n\n\n<li>c\/ Avenida Emilio Lemos 2. Edificio Torre Este, M\u00f3dulo 106.2, 41020 Sevilla<\/li>\n\n\n\n<li>https:\/\/<a href=\"http:\/\/www.innixi.es\">innixi.es<\/a><\/li>\n\n\n\n<li>@innixiesteticaoncologica<\/li>\n<\/ul>\n<\/li>\n<\/ul>\n\n\n\n<style>\n#ez-toc-container{display:none !important;}\n<\/style>\n","protected":false},"excerpt":{"rendered":"<p>\u00a1Bienvenida a la primera edici\u00f3n de 2024 de nuestras entrevistas a la Familia Vagheggi!&nbsp; Este mes, te presentamos una entrevista inspiradora con Mar\u00eda G\u00f3mez Bulnes, una pionera en el campo de la est\u00e9tica oncol\u00f3gica.&nbsp; Mar\u00eda es fundadora del centro Innixi en Sevilla, Y nos abre las puertas a \u201csu mundo\u201d, donde la belleza y el [&hellip;]<\/p>\n","protected":false},"author":5,"featured_media":6411,"comment_status":"closed","ping_status":"closed","sticky":false,"template":"","format":"standard","meta":[],"categories":[197],"tags":[],"yoast_head":"<!-- This site is optimized with the Yoast SEO plugin v19.13 - https:\/\/yoast.com\/wordpress\/plugins\/seo\/ -->\n<title>Innixi - Excelencia con Vagheggi<\/title>\n<meta name=\"description\" content=\"Mar\u00eda G\u00f3mez Bulnes, formadora en est\u00e9tica oncol\u00f3gica y fundadora del centro Innixi en Sevilla especializado en pacientes oncol\u00f3gicos.\" \/>\n<meta name=\"robots\" content=\"noindex, nofollow\" \/>\n<meta property=\"og:locale\" content=\"es_ES\" \/>\n<meta property=\"og:type\" content=\"article\" \/>\n<meta property=\"og:title\" content=\"Innixi - Excelencia con Vagheggi\" \/>\n<meta property=\"og:description\" content=\"Mar\u00eda G\u00f3mez Bulnes, formadora en est\u00e9tica oncol\u00f3gica y fundadora del centro Innixi en Sevilla especializado en pacientes oncol\u00f3gicos.\" \/>\n<meta property=\"og:url\" content=\"https:\/\/www.vagheggi.es\/blog\/familia-vagheggi-innixi\" \/>\n<meta property=\"og:site_name\" content=\"VGH Lifestyle\" \/>\n<meta property=\"article:publisher\" content=\"https:\/\/www.facebook.com\/vagheggicosmetica\" \/>\n<meta property=\"article:published_time\" content=\"2024-01-22T08:39:03+00:00\" \/>\n<meta property=\"article:modified_time\" content=\"2024-03-05T09:04:59+00:00\" \/>\n<meta property=\"og:image\" content=\"https:\/\/www.vagheggi.es\/blog\/wp-content\/uploads\/2024\/01\/INNIXI-159-scaled-e1705913021696.jpg\" \/>\n\t<meta property=\"og:image:width\" content=\"1500\" \/>\n\t<meta property=\"og:image:height\" content=\"1000\" \/>\n\t<meta property=\"og:image:type\" content=\"image\/jpeg\" \/>\n<meta name=\"author\" content=\"Inbound Mas\" \/>\n<meta name=\"twitter:card\" content=\"summary_large_image\" \/>\n<meta name=\"twitter:creator\" content=\"@vagheggicosmetica_es\" \/>\n<meta name=\"twitter:site\" content=\"@vagheggicosmetica_es\" \/>\n<meta name=\"twitter:label1\" content=\"Escrito por\" \/>\n\t<meta name=\"twitter:data1\" content=\"Inbound Mas\" \/>\n\t<meta name=\"twitter:label2\" content=\"Tiempo de lectura\" \/>\n\t<meta name=\"twitter:data2\" content=\"8 minutos\" \/>\n<script type=\"application\/ld+json\" class=\"yoast-schema-graph\">{\"@context\":\"https:\/\/schema.org\",\"@graph\":[{\"@type\":\"WebPage\",\"@id\":\"https:\/\/www.vagheggi.es\/blog\/familia-vagheggi-innixi\",\"url\":\"https:\/\/www.vagheggi.es\/blog\/familia-vagheggi-innixi\",\"name\":\"Innixi - Excelencia con Vagheggi\",\"isPartOf\":{\"@id\":\"https:\/\/www.vagheggi.es\/blog\/#website\"},\"datePublished\":\"2024-01-22T08:39:03+00:00\",\"dateModified\":\"2024-03-05T09:04:59+00:00\",\"author\":{\"@id\":\"https:\/\/www.vagheggi.es\/blog\/#\/schema\/person\/d82f4670d108c69f8f6f4422d96d56ef\"},\"description\":\"Mar\u00eda G\u00f3mez Bulnes, formadora en est\u00e9tica oncol\u00f3gica y fundadora del centro Innixi en Sevilla especializado en pacientes oncol\u00f3gicos.\",\"breadcrumb\":{\"@id\":\"https:\/\/www.vagheggi.es\/blog\/familia-vagheggi-innixi#breadcrumb\"},\"inLanguage\":\"es\",\"potentialAction\":[{\"@type\":\"ReadAction\",\"target\":[\"https:\/\/www.vagheggi.es\/blog\/familia-vagheggi-innixi\"]}]},{\"@type\":\"BreadcrumbList\",\"@id\":\"https:\/\/www.vagheggi.es\/blog\/familia-vagheggi-innixi#breadcrumb\",\"itemListElement\":[{\"@type\":\"ListItem\",\"position\":1,\"name\":\"Portada\",\"item\":\"https:\/\/www.vagheggi.es\/blog\/\"},{\"@type\":\"ListItem\",\"position\":2,\"name\":\"Innovaci\u00f3n y compromiso en la est\u00e9tica oncol\u00f3gica\"}]},{\"@type\":\"WebSite\",\"@id\":\"https:\/\/www.vagheggi.es\/blog\/#website\",\"url\":\"https:\/\/www.vagheggi.es\/blog\/\",\"name\":\"VGH Lifestyle\",\"description\":\"VGH Lifestyle\",\"potentialAction\":[{\"@type\":\"SearchAction\",\"target\":{\"@type\":\"EntryPoint\",\"urlTemplate\":\"https:\/\/www.vagheggi.es\/blog\/?s={search_term_string}\"},\"query-input\":\"required name=search_term_string\"}],\"inLanguage\":\"es\"},{\"@type\":\"Person\",\"@id\":\"https:\/\/www.vagheggi.es\/blog\/#\/schema\/person\/d82f4670d108c69f8f6f4422d96d56ef\",\"name\":\"Inbound Mas\",\"image\":{\"@type\":\"ImageObject\",\"inLanguage\":\"es\",\"@id\":\"https:\/\/www.vagheggi.es\/blog\/#\/schema\/person\/image\/\",\"url\":\"https:\/\/secure.gravatar.com\/avatar\/365a122cabb745a62dd6f1b63c2ec553?s=96&d=mm&r=g\",\"contentUrl\":\"https:\/\/secure.gravatar.com\/avatar\/365a122cabb745a62dd6f1b63c2ec553?s=96&d=mm&r=g\",\"caption\":\"Inbound Mas\"}}]}<\/script>\n<!-- \/ Yoast SEO plugin. -->","yoast_head_json":{"title":"Innixi - Excelencia con Vagheggi","description":"Mar\u00eda G\u00f3mez Bulnes, formadora en est\u00e9tica oncol\u00f3gica y fundadora del centro Innixi en Sevilla especializado en pacientes oncol\u00f3gicos.","robots":{"index":"noindex","follow":"nofollow"},"og_locale":"es_ES","og_type":"article","og_title":"Innixi - Excelencia con Vagheggi","og_description":"Mar\u00eda G\u00f3mez Bulnes, formadora en est\u00e9tica oncol\u00f3gica y fundadora del centro Innixi en Sevilla especializado en pacientes oncol\u00f3gicos.","og_url":"https:\/\/www.vagheggi.es\/blog\/familia-vagheggi-innixi","og_site_name":"VGH Lifestyle","article_publisher":"https:\/\/www.facebook.com\/vagheggicosmetica","article_published_time":"2024-01-22T08:39:03+00:00","article_modified_time":"2024-03-05T09:04:59+00:00","og_image":[{"width":1500,"height":1000,"url":"https:\/\/www.vagheggi.es\/blog\/wp-content\/uploads\/2024\/01\/INNIXI-159-scaled-e1705913021696.jpg","type":"image\/jpeg"}],"author":"Inbound Mas","twitter_card":"summary_large_image","twitter_creator":"@vagheggicosmetica_es","twitter_site":"@vagheggicosmetica_es","twitter_misc":{"Escrito por":"Inbound Mas","Tiempo de lectura":"8 minutos"},"schema":{"@context":"https:\/\/schema.org","@graph":[{"@type":"WebPage","@id":"https:\/\/www.vagheggi.es\/blog\/familia-vagheggi-innixi","url":"https:\/\/www.vagheggi.es\/blog\/familia-vagheggi-innixi","name":"Innixi - Excelencia con Vagheggi","isPartOf":{"@id":"https:\/\/www.vagheggi.es\/blog\/#website"},"datePublished":"2024-01-22T08:39:03+00:00","dateModified":"2024-03-05T09:04:59+00:00","author":{"@id":"https:\/\/www.vagheggi.es\/blog\/#\/schema\/person\/d82f4670d108c69f8f6f4422d96d56ef"},"description":"Mar\u00eda G\u00f3mez Bulnes, formadora en est\u00e9tica oncol\u00f3gica y fundadora del centro Innixi en Sevilla especializado en pacientes oncol\u00f3gicos.","breadcrumb":{"@id":"https:\/\/www.vagheggi.es\/blog\/familia-vagheggi-innixi#breadcrumb"},"inLanguage":"es","potentialAction":[{"@type":"ReadAction","target":["https:\/\/www.vagheggi.es\/blog\/familia-vagheggi-innixi"]}]},{"@type":"BreadcrumbList","@id":"https:\/\/www.vagheggi.es\/blog\/familia-vagheggi-innixi#breadcrumb","itemListElement":[{"@type":"ListItem","position":1,"name":"Portada","item":"https:\/\/www.vagheggi.es\/blog\/"},{"@type":"ListItem","position":2,"name":"Innovaci\u00f3n y compromiso en la est\u00e9tica oncol\u00f3gica"}]},{"@type":"WebSite","@id":"https:\/\/www.vagheggi.es\/blog\/#website","url":"https:\/\/www.vagheggi.es\/blog\/","name":"VGH Lifestyle","description":"VGH Lifestyle","potentialAction":[{"@type":"SearchAction","target":{"@type":"EntryPoint","urlTemplate":"https:\/\/www.vagheggi.es\/blog\/?s={search_term_string}"},"query-input":"required name=search_term_string"}],"inLanguage":"es"},{"@type":"Person","@id":"https:\/\/www.vagheggi.es\/blog\/#\/schema\/person\/d82f4670d108c69f8f6f4422d96d56ef","name":"Inbound Mas","image":{"@type":"ImageObject","inLanguage":"es","@id":"https:\/\/www.vagheggi.es\/blog\/#\/schema\/person\/image\/","url":"https:\/\/secure.gravatar.com\/avatar\/365a122cabb745a62dd6f1b63c2ec553?s=96&d=mm&r=g","contentUrl":"https:\/\/secure.gravatar.com\/avatar\/365a122cabb745a62dd6f1b63c2ec553?s=96&d=mm&r=g","caption":"Inbound Mas"}}]}},"_links":{"self":[{"href":"https:\/\/www.vagheggi.es\/blog\/wp-json\/wp\/v2\/posts\/6407"}],"collection":[{"href":"https:\/\/www.vagheggi.es\/blog\/wp-json\/wp\/v2\/posts"}],"about":[{"href":"https:\/\/www.vagheggi.es\/blog\/wp-json\/wp\/v2\/types\/post"}],"author":[{"embeddable":true,"href":"https:\/\/www.vagheggi.es\/blog\/wp-json\/wp\/v2\/users\/5"}],"replies":[{"embeddable":true,"href":"https:\/\/www.vagheggi.es\/blog\/wp-json\/wp\/v2\/comments?post=6407"}],"version-history":[{"count":0,"href":"https:\/\/www.vagheggi.es\/blog\/wp-json\/wp\/v2\/posts\/6407\/revisions"}],"wp:featuredmedia":[{"embeddable":true,"href":"https:\/\/www.vagheggi.es\/blog\/wp-json\/wp\/v2\/media\/6411"}],"wp:attachment":[{"href":"https:\/\/www.vagheggi.es\/blog\/wp-json\/wp\/v2\/media?parent=6407"}],"wp:term":[{"taxonomy":"category","embeddable":true,"href":"https:\/\/www.vagheggi.es\/blog\/wp-json\/wp\/v2\/categories?post=6407"},{"taxonomy":"post_tag","embeddable":true,"href":"https:\/\/www.vagheggi.es\/blog\/wp-json\/wp\/v2\/tags?post=6407"}],"curies":[{"name":"wp","href":"https:\/\/api.w.org\/{rel}","templated":true}]}}