{"id":7452,"date":"2025-02-04T11:36:12","date_gmt":"2025-02-04T11:36:12","guid":{"rendered":"https:\/\/www.vagheggi.es\/blog\/?p=7452"},"modified":"2025-02-11T06:28:02","modified_gmt":"2025-02-11T06:28:02","slug":"cosmetica-natural-piel-sensible","status":"publish","type":"post","link":"https:\/\/www.vagheggi.es\/blog\/cosmetica-natural-piel-sensible","title":{"rendered":"Cosm\u00e9tica natural para piel sensible: hidrata, nutre y protege"},"content":{"rendered":"\n<p>La <strong>cosm\u00e9tica natural para piel sensible<\/strong> es el cuidado que tu piel necesita para mantenerse saludable, equilibrada y protegida.<\/p>\n\n\n\n<p>Este <strong>tipo de piel<\/strong> requiere <strong>productos<\/strong> espec\u00edficos <strong>que respeten su fragilidad<\/strong>, ofreciendo calma, hidrataci\u00f3n y protecci\u00f3n frente a factores externos como la contaminaci\u00f3n o los cambios clim\u00e1ticos.<\/p>\n\n\n\n<p>En este art\u00edculo, te mostraremos c\u00f3mo cuidar tu piel sensible con cosm\u00e9tica natural, qu\u00e9 ingredientes son clave y c\u00f3mo la l\u00ednea <strong>Emozioni Plus de Vagheggi<\/strong> puede ayudarte a lograr una piel sana y cuidada.<\/p>\n\n\n\n<p>\u00a1Empecemos!<\/p>\n\n\n\n<div id=\"ez-toc-container\" class=\"ez-toc-v2_0_72 counter-hierarchy ez-toc-counter ez-toc-grey ez-toc-container-direction\">\n<div class=\"ez-toc-title-container\">\n<p class=\"ez-toc-title\" style=\"cursor:inherit\">\u00cdndice <\/p>\n<span class=\"ez-toc-title-toggle\"><a href=\"#\" class=\"ez-toc-pull-right ez-toc-btn ez-toc-btn-xs ez-toc-btn-default ez-toc-toggle\" aria-label=\"Toggle Table of Content\"><span class=\"ez-toc-js-icon-con\"><span class=\"\"><span class=\"eztoc-hide\" style=\"display:none;\">Toggle<\/span><span class=\"ez-toc-icon-toggle-span\"><svg style=\"fill: #999;color:#999\" xmlns=\"http:\/\/www.w3.org\/2000\/svg\" class=\"list-377408\" width=\"20px\" height=\"20px\" viewBox=\"0 0 24 24\" fill=\"none\"><path d=\"M6 6H4v2h2V6zm14 0H8v2h12V6zM4 11h2v2H4v-2zm16 0H8v2h12v-2zM4 16h2v2H4v-2zm16 0H8v2h12v-2z\" fill=\"currentColor\"><\/path><\/svg><svg style=\"fill: #999;color:#999\" class=\"arrow-unsorted-368013\" xmlns=\"http:\/\/www.w3.org\/2000\/svg\" width=\"10px\" height=\"10px\" viewBox=\"0 0 24 24\" version=\"1.2\" baseProfile=\"tiny\"><path d=\"M18.2 9.3l-6.2-6.3-6.2 6.3c-.2.2-.3.4-.3.7s.1.5.3.7c.2.2.4.3.7.3h11c.3 0 .5-.1.7-.3.2-.2.3-.5.3-.7s-.1-.5-.3-.7zM5.8 14.7l6.2 6.3 6.2-6.3c.2-.2.3-.5.3-.7s-.1-.5-.3-.7c-.2-.2-.4-.3-.7-.3h-11c-.3 0-.5.1-.7.3-.2.2-.3.5-.3.7s.1.5.3.7z\"\/><\/svg><\/span><\/span><\/span><\/a><\/span><\/div>\n<nav><ul class='ez-toc-list ez-toc-list-level-1 ' ><li class='ez-toc-page-1 ez-toc-heading-level-2'><a class=\"ez-toc-link ez-toc-heading-1\" href=\"https:\/\/www.vagheggi.es\/blog\/cosmetica-natural-piel-sensible\/#Beneficios_de_la_cosmetica_natural_para_piel_sensible\" title=\"Beneficios de la cosm\u00e9tica natural para piel sensible\">Beneficios de la cosm\u00e9tica natural para piel sensible<\/a><ul class='ez-toc-list-level-3' ><li class='ez-toc-heading-level-3'><a class=\"ez-toc-link ez-toc-heading-2\" href=\"https:\/\/www.vagheggi.es\/blog\/cosmetica-natural-piel-sensible\/#Cremas_para_piel_sensible_que_calman_y_alivian_al_instante\" title=\"Cremas para piel sensible que calman y alivian al instante\">Cremas para piel sensible que calman y alivian al instante<\/a><\/li><li class='ez-toc-page-1 ez-toc-heading-level-3'><a class=\"ez-toc-link ez-toc-heading-3\" href=\"https:\/\/www.vagheggi.es\/blog\/cosmetica-natural-piel-sensible\/#Ingredientes_que_respetan_y_nutren_la_piel_sensible\" title=\"Ingredientes que respetan y nutren la piel sensible\">Ingredientes que respetan y nutren la piel sensible<\/a><\/li><li class='ez-toc-page-1 ez-toc-heading-level-3'><a class=\"ez-toc-link ez-toc-heading-4\" href=\"https:\/\/www.vagheggi.es\/blog\/cosmetica-natural-piel-sensible\/#Resultados_visibles_con_el_uso_continuado_de_cosmetica_natural\" title=\"Resultados visibles con el uso continuado de cosm\u00e9tica natural\">Resultados visibles con el uso continuado de cosm\u00e9tica natural<\/a><\/li><li class='ez-toc-page-1 ez-toc-heading-level-3'><a class=\"ez-toc-link ez-toc-heading-5\" href=\"https:\/\/www.vagheggi.es\/blog\/cosmetica-natural-piel-sensible\/#Productos_disenados_para_pieles_sensibles_y_reactivas\" title=\"Productos dise\u00f1ados para pieles sensibles y reactivas\">Productos dise\u00f1ados para pieles sensibles y reactivas<\/a><\/li><li class='ez-toc-page-1 ez-toc-heading-level-3'><a class=\"ez-toc-link ez-toc-heading-6\" href=\"https:\/\/www.vagheggi.es\/blog\/cosmetica-natural-piel-sensible\/#Cosmetica_natural_que_respeta_tu_piel_y_el_planeta\" title=\"Cosm\u00e9tica natural que respeta tu piel y el planeta\">Cosm\u00e9tica natural que respeta tu piel y el planeta<\/a><\/li><\/ul><\/li><li class='ez-toc-page-1 ez-toc-heading-level-2'><a class=\"ez-toc-link ez-toc-heading-7\" href=\"https:\/\/www.vagheggi.es\/blog\/cosmetica-natural-piel-sensible\/#Ingredientes_clave_en_las_mejores_cremas_para_piel_sensible\" title=\"Ingredientes clave en las mejores cremas para piel sensible\">Ingredientes clave en las mejores cremas para piel sensible<\/a><ul class='ez-toc-list-level-3' ><li class='ez-toc-heading-level-3'><a class=\"ez-toc-link ez-toc-heading-8\" href=\"https:\/\/www.vagheggi.es\/blog\/cosmetica-natural-piel-sensible\/#Curcuma_Longa_en_cremas_para_piel_sensible_antioxidante_y_regeneradora\" title=\"C\u00farcuma Longa en cremas para piel sensible: antioxidante y regeneradora\">C\u00farcuma Longa en cremas para piel sensible: antioxidante y regeneradora<\/a><\/li><li class='ez-toc-page-1 ez-toc-heading-level-3'><a class=\"ez-toc-link ez-toc-heading-9\" href=\"https:\/\/www.vagheggi.es\/blog\/cosmetica-natural-piel-sensible\/#Zanthoxylum_Bungeanum_alivio_inmediato_en_productos_para_pieles_sensibles\" title=\"Zanthoxylum Bungeanum: alivio inmediato en productos para pieles sensibles\">Zanthoxylum Bungeanum: alivio inmediato en productos para pieles sensibles<\/a><\/li><li class='ez-toc-page-1 ez-toc-heading-level-3'><a class=\"ez-toc-link ez-toc-heading-10\" href=\"https:\/\/www.vagheggi.es\/blog\/cosmetica-natural-piel-sensible\/#Vaccinium_Myrtillus_en_cremas_naturales_fortalece_capilares_y_protege_la_piel_sensible\" title=\"Vaccinium Myrtillus en cremas naturales: fortalece capilares y protege la piel sensible\">Vaccinium Myrtillus en cremas naturales: fortalece capilares y protege la piel sensible<\/a><\/li><li class='ez-toc-page-1 ez-toc-heading-level-3'><a class=\"ez-toc-link ez-toc-heading-11\" href=\"https:\/\/www.vagheggi.es\/blog\/cosmetica-natural-piel-sensible\/#Manzanilla_en_cosmetica_natural_calmante_para_piel_sensible\" title=\"Manzanilla en cosm\u00e9tica natural: calmante para piel sensible\">Manzanilla en cosm\u00e9tica natural: calmante para piel sensible<\/a><\/li><li class='ez-toc-page-1 ez-toc-heading-level-3'><a class=\"ez-toc-link ez-toc-heading-12\" href=\"https:\/\/www.vagheggi.es\/blog\/cosmetica-natural-piel-sensible\/#Granada_en_tratamientos_faciales_para_piel_sensible_antioxidante_y_regeneradora\" title=\"Granada en tratamientos faciales para piel sensible: antioxidante y regeneradora\">Granada en tratamientos faciales para piel sensible: antioxidante y regeneradora<\/a><\/li><li class='ez-toc-page-1 ez-toc-heading-level-3'><a class=\"ez-toc-link ez-toc-heading-13\" href=\"https:\/\/www.vagheggi.es\/blog\/cosmetica-natural-piel-sensible\/#Micro_Polvos_Soft_Focus_efecto_perfeccionador_en_piel_sensible\" title=\"Micro Polvos Soft Focus: efecto perfeccionador en piel sensible\">Micro Polvos Soft Focus: efecto perfeccionador en piel sensible<\/a><\/li><\/ul><\/li><li class='ez-toc-page-1 ez-toc-heading-level-2'><a class=\"ez-toc-link ez-toc-heading-14\" href=\"https:\/\/www.vagheggi.es\/blog\/cosmetica-natural-piel-sensible\/#Los_problemas_mas_comunes_de_la_piel_sensible_y_como_solucionarlos\" title=\"Los problemas m\u00e1s comunes de la piel sensible y c\u00f3mo solucionarlos\">Los problemas m\u00e1s comunes de la piel sensible y c\u00f3mo solucionarlos<\/a><ul class='ez-toc-list-level-3' ><li class='ez-toc-heading-level-3'><a class=\"ez-toc-link ez-toc-heading-15\" href=\"https:\/\/www.vagheggi.es\/blog\/cosmetica-natural-piel-sensible\/#Rojeces_en_piel_sensible_como_tratarlas_con_cosmetica_natural\" title=\"Rojeces en piel sensible: c\u00f3mo tratarlas con cosm\u00e9tica natural\">Rojeces en piel sensible: c\u00f3mo tratarlas con cosm\u00e9tica natural<\/a><\/li><li class='ez-toc-page-1 ez-toc-heading-level-3'><a class=\"ez-toc-link ez-toc-heading-16\" href=\"https:\/\/www.vagheggi.es\/blog\/cosmetica-natural-piel-sensible\/#Irritacion_y_tirantez_soluciones_con_alta_cosmetica_para_pieles_sensibles\" title=\"Irritaci\u00f3n y tirantez: soluciones con alta cosm\u00e9tica para pieles sensibles\">Irritaci\u00f3n y tirantez: soluciones con alta cosm\u00e9tica para pieles sensibles<\/a><\/li><li class='ez-toc-page-1 ez-toc-heading-level-3'><a class=\"ez-toc-link ez-toc-heading-17\" href=\"https:\/\/www.vagheggi.es\/blog\/cosmetica-natural-piel-sensible\/#Sequedad_en_piel_sensible_como_hidratar_con_cosmetica_para_piel_sensible\" title=\"Sequedad en piel sensible: c\u00f3mo hidratar con cosm\u00e9tica para piel sensible\">Sequedad en piel sensible: c\u00f3mo hidratar con cosm\u00e9tica para piel sensible<\/a><\/li><li class='ez-toc-page-1 ez-toc-heading-level-3'><a class=\"ez-toc-link ez-toc-heading-18\" href=\"https:\/\/www.vagheggi.es\/blog\/cosmetica-natural-piel-sensible\/#Reacciones_de_la_piel_sensible_a_cambios_climaticos_cuidado_con_alta_cosmetica_piel_sensible\" title=\"Reacciones de la piel sensible a cambios clim\u00e1ticos: cuidado con alta cosm\u00e9tica piel sensible\">Reacciones de la piel sensible a cambios clim\u00e1ticos: cuidado con alta cosm\u00e9tica piel sensible<\/a><\/li><\/ul><\/li><li class='ez-toc-page-1 ez-toc-heading-level-2'><a class=\"ez-toc-link ez-toc-heading-19\" href=\"https:\/\/www.vagheggi.es\/blog\/cosmetica-natural-piel-sensible\/#Como_crear_una_rutina_facial_con_cosmetica_natural_para_piel_sensible\" title=\"C\u00f3mo crear una rutina facial con cosm\u00e9tica natural para piel sensible\">C\u00f3mo crear una rutina facial con cosm\u00e9tica natural para piel sensible<\/a><ul class='ez-toc-list-level-3' ><li class='ez-toc-heading-level-3'><a class=\"ez-toc-link ez-toc-heading-20\" href=\"https:\/\/www.vagheggi.es\/blog\/cosmetica-natural-piel-sensible\/#Paso_1_Limpieza_facial_suave_con_cosmetica_natural_para_piel_sensible\" title=\"Paso 1. Limpieza facial suave con cosm\u00e9tica natural para piel sensible\">Paso 1. Limpieza facial suave con cosm\u00e9tica natural para piel sensible<\/a><\/li><li class='ez-toc-page-1 ez-toc-heading-level-3'><a class=\"ez-toc-link ez-toc-heading-21\" href=\"https:\/\/www.vagheggi.es\/blog\/cosmetica-natural-piel-sensible\/#Paso_2_Aplicacion_de_la_Bruma_Concentrada_Calmante_para_pieles_sensibles\" title=\"Paso 2. Aplicaci\u00f3n de la Bruma Concentrada Calmante para pieles sensibles\">Paso 2. Aplicaci\u00f3n de la Bruma Concentrada Calmante para pieles sensibles<\/a><\/li><li class='ez-toc-page-1 ez-toc-heading-level-3'><a class=\"ez-toc-link ez-toc-heading-22\" href=\"https:\/\/www.vagheggi.es\/blog\/cosmetica-natural-piel-sensible\/#Paso_3_Serum_refrescante_para_piel_sensible_cuidado_intensivo_antes_de_la_hidratacion\" title=\"Paso 3. S\u00e9rum refrescante para piel sensible: cuidado intensivo antes de la hidrataci\u00f3n\">Paso 3. S\u00e9rum refrescante para piel sensible: cuidado intensivo antes de la hidrataci\u00f3n<\/a><\/li><li class='ez-toc-page-1 ez-toc-heading-level-3'><a class=\"ez-toc-link ez-toc-heading-23\" href=\"https:\/\/www.vagheggi.es\/blog\/cosmetica-natural-piel-sensible\/#Paso_4_Hidratacion_con_cremas_para_piel_sensible\" title=\"Paso 4. Hidrataci\u00f3n con cremas para piel sensible\">Paso 4. Hidrataci\u00f3n con cremas para piel sensible<\/a><\/li><li class='ez-toc-page-1 ez-toc-heading-level-3'><a class=\"ez-toc-link ez-toc-heading-24\" href=\"https:\/\/www.vagheggi.es\/blog\/cosmetica-natural-piel-sensible\/#Paso_5_Proteccion_solar_con_cosmetica_para_pieles_sensibles\" title=\"Paso 5. Protecci\u00f3n solar con cosm\u00e9tica para pieles sensibles\">Paso 5. Protecci\u00f3n solar con cosm\u00e9tica para pieles sensibles<\/a><\/li><li class='ez-toc-page-1 ez-toc-heading-level-3'><a class=\"ez-toc-link ez-toc-heading-25\" href=\"https:\/\/www.vagheggi.es\/blog\/cosmetica-natural-piel-sensible\/#Paso_6_Mascarilla_reparadora_antiestres_de_alta_cosmetica_para_piel_sensible\" title=\"Paso 6. Mascarilla reparadora antiestr\u00e9s de alta cosm\u00e9tica para piel sensible\">Paso 6. Mascarilla reparadora antiestr\u00e9s de alta cosm\u00e9tica para piel sensible<\/a><\/li><\/ul><\/li><li class='ez-toc-page-1 ez-toc-heading-level-2'><a class=\"ez-toc-link ez-toc-heading-26\" href=\"https:\/\/www.vagheggi.es\/blog\/cosmetica-natural-piel-sensible\/#Donde_comprar_la_mejor_cosmetica_natural_para_piel_sensible\" title=\"D\u00f3nde comprar la mejor cosm\u00e9tica natural para piel sensible\">D\u00f3nde comprar la mejor cosm\u00e9tica natural para piel sensible<\/a><\/li><\/ul><\/nav><\/div>\n<h2 class=\"wp-block-heading\"><span class=\"ez-toc-section\" id=\"Beneficios_de_la_cosmetica_natural_para_piel_sensible\"><\/span><strong>Beneficios de la cosm\u00e9tica natural para piel sensible<\/strong><span class=\"ez-toc-section-end\"><\/span><\/h2>\n\n\n\n<figure class=\"wp-block-image aligncenter size-full\"><img decoding=\"async\" loading=\"lazy\" width=\"600\" height=\"800\" src=\"https:\/\/www.vagheggi.es\/blog\/wp-content\/uploads\/2025\/02\/emo.jpg\" alt=\"Cosm\u00e9tica piel sensible\n\n\" class=\"wp-image-7455\" srcset=\"https:\/\/www.vagheggi.es\/blog\/wp-content\/uploads\/2025\/02\/emo.jpg 600w, https:\/\/www.vagheggi.es\/blog\/wp-content\/uploads\/2025\/02\/emo-225x300.jpg 225w\" sizes=\"(max-width: 600px) 100vw, 600px\" \/><\/figure>\n\n\n\n<p>La <strong>cosm\u00e9tica natural para piel sensible<\/strong> es la soluci\u00f3n perfecta para quienes buscan un cuidado efectivo, suave y respetuoso. Dise\u00f1ada espec\u00edficamente para evitar irritaciones y reacciones adversas, <strong>fortalece la barrera cut\u00e1nea<\/strong>, protege frente a agresores externos y aporta beneficios como hidrataci\u00f3n, nutrici\u00f3n y firmeza a la piel.<\/p>\n\n\n\n<h3 class=\"wp-block-heading\"><span class=\"ez-toc-section\" id=\"Cremas_para_piel_sensible_que_calman_y_alivian_al_instante\"><\/span><strong>Cremas para piel sensible que calman y alivian al instante<\/strong><span class=\"ez-toc-section-end\"><\/span><\/h3>\n\n\n\n<p>Uno de los grandes beneficios de la <strong>cosm\u00e9tica natural para piel sensible<\/strong> es su capacidad para calmar la piel de forma inmediata. Ingredientes como la manzanilla y el bisabolol alivian las molestias, reducen el enrojecimiento y aportan una sensaci\u00f3n de confort desde el primer momento.<\/p>\n\n\n\n<p>Adem\u00e1s, no solo alivian, sino que tambi\u00e9n ayudan a reforzar la <strong>barrera cut\u00e1nea<\/strong>, <strong>protegiendo la piel frente a factores externos<\/strong>, como el viento o los cambios bruscos de temperatura.<\/p>\n\n\n\n<p>Para obtener un cuidado m\u00e1s completo, es esencial que los ingredientes respeten y nutran la piel sin causar reacciones.<\/p>\n\n\n\n<h3 class=\"wp-block-heading\"><span class=\"ez-toc-section\" id=\"Ingredientes_que_respetan_y_nutren_la_piel_sensible\"><\/span><strong>Ingredientes que respetan y nutren la piel sensible<\/strong><span class=\"ez-toc-section-end\"><\/span><\/h3>\n\n\n\n<p>La <strong>cosm\u00e9tica natural para piel sensible<\/strong> se caracteriza por utilizar activos suaves pero eficaces, como el <strong>\u00e1cido hialur\u00f3nico<\/strong> de origen vegetal, que hidrata profundamente, o la <strong>c\u00farcuma<\/strong>, conocida por sus propiedades antiinflamatorias, regeneradoras y calmantes.<\/p>\n\n\n\n<p>Adem\u00e1s, estas f\u00f3rmulas est\u00e1n <strong>libres de qu\u00edmicos agresivos como parabenos o fragancias artificiales<\/strong>, lo que las hace ideales para pieles sensibles y reactivas. Con un uso constante, estos ingredientes no solo calman, sino que fortalecen la piel, mejorando su capacidad para enfrentarse a las agresiones externas.<\/p>\n\n\n\n<p>Cuando eliges ingredientes naturales, tambi\u00e9n est\u00e1s apostando por un cuidado que transforma tu piel a largo plazo.<\/p>\n\n\n\n<h3 class=\"wp-block-heading\"><span class=\"ez-toc-section\" id=\"Resultados_visibles_con_el_uso_continuado_de_cosmetica_natural\"><\/span><strong>Resultados visibles con el uso continuado de cosm\u00e9tica natural<\/strong><span class=\"ez-toc-section-end\"><\/span><\/h3>\n\n\n\n<p>La <strong>cosm\u00e9tica natural para piel sensible<\/strong> no solo act\u00faa en la superficie. Con el uso diario, mejora la salud de la piel desde el interior.<\/p>\n\n\n\n<p>Notar\u00e1s una disminuci\u00f3n en las rojeces, una hidrataci\u00f3n m\u00e1s duradera y una <strong>mayor resistencia<\/strong> frente a factores externos como la contaminaci\u00f3n.<\/p>\n\n\n\n<p>Adem\u00e1s, gracias a f\u00f3rmulas que fortalecen la <strong>funci\u00f3n barrera de la piel<\/strong>, tu rostro lucir\u00e1 m\u00e1s uniforme y protegido, sin las reacciones que suelen acompa\u00f1ar a las pieles m\u00e1s sensibles.<\/p>\n\n\n\n<p>Para conseguir estos resultados, es imprescindible usar productos dise\u00f1ados espec\u00edficamente <strong>para pieles delicadas.<\/strong><\/p>\n\n\n<div class=\"wp-block-image\">\n<figure class=\"aligncenter size-full\"><img decoding=\"async\" loading=\"lazy\" width=\"800\" height=\"600\" src=\"https:\/\/www.vagheggi.es\/blog\/wp-content\/uploads\/2025\/02\/cosmetica-natural-piel-sensible-1.jpg\" alt=\"Cosmetica natural piel sensible\" class=\"wp-image-7458\" srcset=\"https:\/\/www.vagheggi.es\/blog\/wp-content\/uploads\/2025\/02\/cosmetica-natural-piel-sensible-1.jpg 800w, https:\/\/www.vagheggi.es\/blog\/wp-content\/uploads\/2025\/02\/cosmetica-natural-piel-sensible-1-300x225.jpg 300w, https:\/\/www.vagheggi.es\/blog\/wp-content\/uploads\/2025\/02\/cosmetica-natural-piel-sensible-1-768x576.jpg 768w\" sizes=\"(max-width: 800px) 100vw, 800px\" \/><\/figure><\/div>\n\n\n<h3 class=\"wp-block-heading\"><span class=\"ez-toc-section\" id=\"Productos_disenados_para_pieles_sensibles_y_reactivas\"><\/span><strong>Productos dise\u00f1ados para pieles sensibles y reactivas<\/strong><span class=\"ez-toc-section-end\"><\/span><\/h3>\n\n\n\n<p>La l\u00ednea <strong>Emozioni Plus de Vagheggi<\/strong> est\u00e1 pensada para las necesidades espec\u00edficas de la piel sensible. Por ejemplo, la <strong>Crema Calmante<\/strong> combina hidrataci\u00f3n profunda con ingredientes que ayudan a <strong>fortalecer la barrera cut\u00e1nea<\/strong> y proteger frente a agresiones externas como el fr\u00edo o el estr\u00e9s ambiental.<\/p>\n\n\n\n<p>Adem\u00e1s de cuidar la piel, aporta una sensaci\u00f3n de bienestar gracias a sus texturas ligeras y sus activos naturales, lo que la convierte en una opci\u00f3n <strong>imprescindible para las pieles reactivas.<\/strong><\/p>\n\n\n\n<p>Y si el respeto por el entorno tambi\u00e9n es importante para ti, esta cosm\u00e9tica ofrece un beneficio adicional.<\/p>\n\n\n\n<h3 class=\"wp-block-heading\"><span class=\"ez-toc-section\" id=\"Cosmetica_natural_que_respeta_tu_piel_y_el_planeta\"><\/span><strong>Cosm\u00e9tica natural que respeta tu piel y el planeta<\/strong><span class=\"ez-toc-section-end\"><\/span><\/h3>\n\n\n\n<p>Elegir <strong>cosm\u00e9tica natural para piel sensible<\/strong> significa optar por productos que no solo cuidan tu piel, sino que tambi\u00e9n son responsables con el medio ambiente.<\/p>\n\n\n\n<p>Marcas como Vagheggi apuestan por ingredientes sostenibles y procesos \u00e9ticos, garantizando un impacto positivo tanto en tu piel como en el entorno.<\/p>\n\n\n\n<p>Adem\u00e1s, estas f\u00f3rmulas no comprometen la <strong>funci\u00f3n barrera de la piel<\/strong> y aseguran un cuidado efectivo y respetuoso, ideal para quienes buscan <strong>resultados visibles sin renunciar a sus valores.<\/strong><\/p>\n\n\n\n<p>Los beneficios de la <strong>cosm\u00e9tica natural para piel sensible<\/strong> no ser\u00edan posibles sin los <strong>ingredientes cuidadosamente seleccionados<\/strong> que componen sus f\u00f3rmulas.<\/p>\n\n\n\n<p>A continuaci\u00f3n, te mostramos los activos clave que marcan la diferencia en el cuidado de las pieles m\u00e1s sensibles y c\u00f3mo contribuyen a su equilibrio y protecci\u00f3n.<\/p>\n\n\n\n<h2 class=\"wp-block-heading\"><span class=\"ez-toc-section\" id=\"Ingredientes_clave_en_las_mejores_cremas_para_piel_sensible\"><\/span><strong>Ingredientes clave en las mejores cremas para piel sensible<\/strong><span class=\"ez-toc-section-end\"><\/span><\/h2>\n\n\n\n<p>En la <strong>cosm\u00e9tica natural para piel sensible<\/strong>, cada ingrediente est\u00e1 pensado para calmar, proteger y reforzar la barrera cut\u00e1nea. Activos naturales como la c\u00farcuma, la manzanilla o el ar\u00e1ndano alivian las molestias, y ayudan a mejorar la resistencia de la piel frente a agresores externos.<\/p>\n\n\n\n<p>La l\u00ednea <strong>Emozioni Plus de Vagheggi<\/strong> incorpora estos ingredientes clave en f\u00f3rmulas dise\u00f1adas espec\u00edficamente para ofrecer un cuidado completo y respetuoso.<\/p>\n\n\n\n<p>A continuaci\u00f3n, descubrimos c\u00f3mo cada uno de ellos <strong>contribuye al cuidado de las pieles m\u00e1s delicadas.<\/strong><\/p>\n\n\n\n<h3 class=\"wp-block-heading\"><span class=\"ez-toc-section\" id=\"Curcuma_Longa_en_cremas_para_piel_sensible_antioxidante_y_regeneradora\"><\/span><strong>C\u00farcuma Longa en cremas para piel sensible: antioxidante y regeneradora<\/strong><span class=\"ez-toc-section-end\"><\/span><\/h3>\n\n\n\n<p>La <strong>c\u00farcuma<\/strong>, rica en curcumina, es uno de los activos m\u00e1s valorados en la <strong>cosm\u00e9tica natural para piel sensible<\/strong>. Este ingrediente destaca por su acci\u00f3n antioxidante, que combate los <strong>radicales libres<\/strong>, y por sus propiedades antiinflamatorias, que ayudan a reducir las rojeces y las irritaciones.<\/p>\n\n\n\n<p>Adem\u00e1s, favorece la <strong>regeneraci\u00f3n celular<\/strong> y mejora la elasticidad de la piel, ayud\u00e1ndola a recuperar su equilibrio natural. Es especialmente \u00fatil para pieles sensibles que se ven afectadas por la contaminaci\u00f3n, los cambios clim\u00e1ticos o el estr\u00e9s ambiental.<\/p>\n\n\n\n<p>Cuando la piel necesita un alivio r\u00e1pido frente a molestias inesperadas, hay otros activos que pueden ofrecer una soluci\u00f3n inmediata.<\/p>\n\n\n<div class=\"wp-block-image\">\n<figure class=\"aligncenter size-full\"><img decoding=\"async\" loading=\"lazy\" width=\"800\" height=\"600\" src=\"https:\/\/www.vagheggi.es\/blog\/wp-content\/uploads\/2025\/02\/Cosmetica-para-pieles-sensibles.jpg\" alt=\"Cosm\u00e9tica para pieles sensible\" class=\"wp-image-7460\" srcset=\"https:\/\/www.vagheggi.es\/blog\/wp-content\/uploads\/2025\/02\/Cosmetica-para-pieles-sensibles.jpg 800w, https:\/\/www.vagheggi.es\/blog\/wp-content\/uploads\/2025\/02\/Cosmetica-para-pieles-sensibles-300x225.jpg 300w, https:\/\/www.vagheggi.es\/blog\/wp-content\/uploads\/2025\/02\/Cosmetica-para-pieles-sensibles-768x576.jpg 768w\" sizes=\"(max-width: 800px) 100vw, 800px\" \/><\/figure><\/div>\n\n\n<h3 class=\"wp-block-heading\"><span class=\"ez-toc-section\" id=\"Zanthoxylum_Bungeanum_alivio_inmediato_en_productos_para_pieles_sensibles\"><\/span><strong>Zanthoxylum Bungeanum: alivio inmediato en productos para pieles sensibles<\/strong><span class=\"ez-toc-section-end\"><\/span><\/h3>\n\n\n\n<p>El extracto de <strong>Zanthoxylum Bungeanum<\/strong>, conocido tambi\u00e9n como <strong>pimienta de Sichuan<\/strong>, es un ingrediente \u00fanico en la <strong>cosm\u00e9tica natural para piel sensible<\/strong>. Su acci\u00f3n calmante alivia de forma casi inmediata el <strong>picor<\/strong>, el <strong>ardor<\/strong> y las <strong>irritaciones<\/strong>, devolviendo a la piel una sensaci\u00f3n de confort.<\/p>\n\n\n\n<p>Este activo es especialmente \u00fatil para momentos en los que la piel reacciona de manera intensa a est\u00edmulos externos, como el fr\u00edo o el viento.<\/p>\n\n\n\n<p>Para mantener la piel m\u00e1s fuerte y resistente a largo plazo, los ingredientes que refuerzan <strong>los capilares<\/strong> son imprescindibles.<\/p>\n\n\n\n<h3 class=\"wp-block-heading\"><span class=\"ez-toc-section\" id=\"Vaccinium_Myrtillus_en_cremas_naturales_fortalece_capilares_y_protege_la_piel_sensible\"><\/span><strong>Vaccinium Myrtillus en cremas naturales: fortalece capilares y protege la piel sensible<\/strong><span class=\"ez-toc-section-end\"><\/span><\/h3>\n\n\n\n<p>El <strong>ar\u00e1ndano<\/strong>, o <strong>Vaccinium Myrtillus<\/strong>, no solo es un potente antioxidante, sino que tambi\u00e9n mejora la resistencia de los capilares, reduciendo as\u00ed la aparici\u00f3n de rojeces. Es un ingrediente clave en las <strong>cremas naturales para piel sensible<\/strong>, ya que protege frente al <strong>envejecimiento prematuro<\/strong> y refuerza la barrera cut\u00e1nea, haciendo que la piel sea <strong>menos vulnerable a las agresiones externas.<\/strong><\/p>\n\n\n\n<p>Es ideal para pieles que necesitan fortalecer su estructura y prevenir futuros da\u00f1os, complementando la acci\u00f3n de otros ingredientes calmantes y protectores.<\/p>\n\n\n\n<p>Adem\u00e1s, cuando la piel requiere de un cuidado que alivie y restaure, la manzanilla es un cl\u00e1sico infalible.<\/p>\n\n\n\n<h3 class=\"wp-block-heading\"><span class=\"ez-toc-section\" id=\"Manzanilla_en_cosmetica_natural_calmante_para_piel_sensible\"><\/span><strong>Manzanilla en cosm\u00e9tica natural: calmante para piel sensible<\/strong><span class=\"ez-toc-section-end\"><\/span><\/h3>\n\n\n\n<p>La <strong>manzanilla<\/strong> es un imprescindible en la <strong>cosm\u00e9tica natural para piel sensible<\/strong>, gracias a sus propiedades calmantes y antiinflamatorias. Su <strong>agua destilada<\/strong>, rica en flavonoides, es capaz de aliviar r\u00e1pidamente las rojeces y restaurar el confort de las pieles m\u00e1s delicadas.<\/p>\n\n\n\n<p>Es especialmente eficaz <strong>tras la exposici\u00f3n al viento, el fr\u00edo o el estr\u00e9s ambiental<\/strong>, ayudando a la piel a recuperar su <strong>suavidad y equilibrio<\/strong>. En combinaci\u00f3n con otros activos, potencia su acci\u00f3n reparadora y calmante.<\/p>\n\n\n\n<p>Si el objetivo es revitalizar y regenerar, la granada ofrece beneficios extraordinarios.<\/p>\n\n\n\n<h3 class=\"wp-block-heading\"><span class=\"ez-toc-section\" id=\"Granada_en_tratamientos_faciales_para_piel_sensible_antioxidante_y_regeneradora\"><\/span><strong>Granada en tratamientos faciales para piel sensible: antioxidante y regeneradora<\/strong><span class=\"ez-toc-section-end\"><\/span><\/h3>\n\n\n\n<p>La <strong>granada<\/strong> es un ingrediente esencial en los <strong>tratamientos faciales para piel sensible<\/strong>, gracias a su capacidad para estimular la regeneraci\u00f3n celular y reforzar la <strong>barrera cut\u00e1nea<\/strong>.<\/p>\n\n\n\n<p>Rica en taninos y enzimas, protege frente a la contaminaci\u00f3n y otros factores externos que debilitan la piel.<\/p>\n\n\n\n<p>Su acci\u00f3n antioxidante no solo previene el envejecimiento prematuro, sino que tambi\u00e9n <strong>repara da\u00f1os existentes<\/strong>, dejando la piel m\u00e1s uniforme, luminosa y revitalizada.<\/p>\n\n\n\n<p>Para mejorar la apariencia de la piel al instante, los Micro Polvos Soft Focus son la soluci\u00f3n ideal.<\/p>\n\n\n<div class=\"wp-block-image\">\n<figure class=\"aligncenter size-full\"><img decoding=\"async\" loading=\"lazy\" width=\"800\" height=\"600\" src=\"https:\/\/www.vagheggi.es\/blog\/wp-content\/uploads\/2025\/02\/Alta-cosmetica-piel-sensible.jpg\" alt=\"Alta cosm\u00e9tica piel sensible\" class=\"wp-image-7462\" srcset=\"https:\/\/www.vagheggi.es\/blog\/wp-content\/uploads\/2025\/02\/Alta-cosmetica-piel-sensible.jpg 800w, https:\/\/www.vagheggi.es\/blog\/wp-content\/uploads\/2025\/02\/Alta-cosmetica-piel-sensible-300x225.jpg 300w, https:\/\/www.vagheggi.es\/blog\/wp-content\/uploads\/2025\/02\/Alta-cosmetica-piel-sensible-768x576.jpg 768w\" sizes=\"(max-width: 800px) 100vw, 800px\" \/><\/figure><\/div>\n\n\n<h3 class=\"wp-block-heading\"><span class=\"ez-toc-section\" id=\"Micro_Polvos_Soft_Focus_efecto_perfeccionador_en_piel_sensible\"><\/span><strong>Micro Polvos Soft Focus: efecto perfeccionador en piel sensible<\/strong><span class=\"ez-toc-section-end\"><\/span><\/h3>\n\n\n\n<p>Los <strong>Micro Polvos Soft Focus<\/strong> son una innovaci\u00f3n dentro de la <strong>alta cosm\u00e9tica para piel sensible<\/strong>. Ofrecen un <strong>efecto visual inmediato<\/strong>, suavizando la apariencia de las rojeces y unificando el tono de la piel.<\/p>\n\n\n\n<p>Adem\u00e1s, su tecnolog\u00eda avanzada asegura que sean respetuosos con la <strong>barrera cut\u00e1nea<\/strong>, permitiendo que la piel transpire mientras mejora su aspecto de forma visible. Son ideales para quienes buscan un acabado luminoso y natural sin renunciar al cuidado de su piel.<\/p>\n\n\n\n<p>Estos <strong>ingredientes trabajan en perfecta armon\u00eda<\/strong> para ofrecer un cuidado respetuoso, fortaleciendo la barrera cut\u00e1nea y aportando <strong>bienestar a las pieles m\u00e1s delicadas.<\/strong><\/p>\n\n\n\n<p>Ahora, es momento de analizar los problemas m\u00e1s comunes que enfrenta la<a href=\"https:\/\/www.vagheggi.es\/tienda\/piel-sensible-y-reactiva\"> piel sensible y reactiva<\/a>, y encontrar las soluciones m\u00e1s efectivas para tratarlos.<\/p>\n\n\n\n<h2 class=\"wp-block-heading\"><span class=\"ez-toc-section\" id=\"Los_problemas_mas_comunes_de_la_piel_sensible_y_como_solucionarlos\"><\/span><strong>Los problemas m\u00e1s comunes de la piel sensible y c\u00f3mo solucionarlos<\/strong><span class=\"ez-toc-section-end\"><\/span><\/h2>\n\n\n\n<p>La <strong>cosm\u00e9tica natural para piel sensible<\/strong> est\u00e1 dise\u00f1ada para tratar los desaf\u00edos espec\u00edficos de este tipo de piel, como rojeces, irritaciones y sequedad. Conocer las causas de estos problemas y aplicar soluciones adecuadas es clave para mantener una piel equilibrada y saludable.<\/p>\n\n\n\n<p>Gracias a la l\u00ednea <strong>Emozioni Plus de Vagheggi<\/strong>, que combina ingredientes naturales con tecnolog\u00eda avanzada, puedes tratar estos retos de forma eficaz y sin comprometer la delicadeza de tu piel.<\/p>\n\n\n\n<h3 class=\"wp-block-heading\"><span class=\"ez-toc-section\" id=\"Rojeces_en_piel_sensible_como_tratarlas_con_cosmetica_natural\"><\/span><strong>Rojeces en piel sensible: c\u00f3mo tratarlas con cosm\u00e9tica natural<\/strong><span class=\"ez-toc-section-end\"><\/span><\/h3>\n\n\n\n<p>Las rojeces son <strong>uno de los problemas m\u00e1s frecuentes<\/strong> en el <strong>cuidado de las pieles sensibles<\/strong>. Suelen aparecer debido a cambios bruscos de temperatura, el viento o incluso el estr\u00e9s. Si no se tratan adecuadamente, pueden volverse persistentes y alterar la uniformidad del rostro.<\/p>\n\n\n\n<p><strong>C\u00f3mo tratarlo:<\/strong><\/p>\n\n\n\n<p>La <strong>cosm\u00e9tica natural para piel sensible<\/strong>, como la <strong>Crema Facial Emozioni Plus<\/strong>, es perfecta para reducir las rojeces. Gracias a ingredientes como el ar\u00e1ndano y la c\u00farcuma, esta crema fortalece los capilares, calma la inflamaci\u00f3n y protege la piel frente a factores externos.<\/p>\n\n\n\n<p>Incluirla en tu rutina diaria ayuda a prevenir nuevas rojeces y a conseguir un rostro m\u00e1s uniforme y equilibrado.<\/p>\n\n\n\n<p>Cuando las rojeces se acompa\u00f1an de molestias como tirantez o irritaci\u00f3n, es fundamental buscar un alivio inmediato.<\/p>\n\n\n\n<h3 class=\"wp-block-heading\"><span class=\"ez-toc-section\" id=\"Irritacion_y_tirantez_soluciones_con_alta_cosmetica_para_pieles_sensibles\"><\/span><strong>Irritaci\u00f3n y tirantez: soluciones con alta cosm\u00e9tica para pieles sensibles<\/strong><span class=\"ez-toc-section-end\"><\/span><\/h3>\n\n\n\n<p>La irritaci\u00f3n y la tirantez son problemas comunes en la piel sensible debido a su fragilidad. Factores como el uso de productos agresivos o la contaminaci\u00f3n pueden agravar estas molestias, causando incomodidad diaria.<\/p>\n\n\n\n<p><strong>C\u00f3mo tratarlo:<\/strong><\/p>\n\n\n\n<p>El <strong>S\u00e9rum Refrescante Emozioni Plus<\/strong>, de la <strong>alta<\/strong><a href=\"https:\/\/www.vagheggi.es\/cosmetica-piel-sensible\/\"><strong> <\/strong><strong>cosm\u00e9tica para pieles sensibles<\/strong><\/a>, est\u00e1 formulado con manzanilla y granada para <strong>calmar <\/strong>r\u00e1pidamente la irritaci\u00f3n <strong>y aliviar<\/strong> la sensaci\u00f3n de tirantez.<\/p>\n\n\n\n<p>Su textura ligera y refrescante hidrata la piel y refuerza su barrera natural, previniendo molestias futuras.<\/p>\n\n\n\n<p>Util\u00edzalo como parte de tu rutina nocturna para reparar la piel mientras descansas y despertar con una sensaci\u00f3n de confort.<\/p>\n\n\n\n<p>Adem\u00e1s de la tirantez, <strong>la sequedad<\/strong> es otro de los problemas m\u00e1s comunes que enfrentan las pieles sensibles.<\/p>\n\n\n<div class=\"wp-block-image\">\n<figure class=\"aligncenter size-full\"><img decoding=\"async\" loading=\"lazy\" width=\"800\" height=\"600\" src=\"https:\/\/www.vagheggi.es\/blog\/wp-content\/uploads\/2025\/02\/Alta-cosmetica-para-pieles-sensibles-.jpg\" alt=\"Alta cosm\u00e9tica para pieles sensibles\" class=\"wp-image-7476\" srcset=\"https:\/\/www.vagheggi.es\/blog\/wp-content\/uploads\/2025\/02\/Alta-cosmetica-para-pieles-sensibles-.jpg 800w, https:\/\/www.vagheggi.es\/blog\/wp-content\/uploads\/2025\/02\/Alta-cosmetica-para-pieles-sensibles--300x225.jpg 300w, https:\/\/www.vagheggi.es\/blog\/wp-content\/uploads\/2025\/02\/Alta-cosmetica-para-pieles-sensibles--768x576.jpg 768w\" sizes=\"(max-width: 800px) 100vw, 800px\" \/><\/figure><\/div>\n\n\n<h3 class=\"wp-block-heading\"><span class=\"ez-toc-section\" id=\"Sequedad_en_piel_sensible_como_hidratar_con_cosmetica_para_piel_sensible\"><\/span><strong>Sequedad en piel sensible: c\u00f3mo hidratar con cosm\u00e9tica para piel sensible<\/strong><span class=\"ez-toc-section-end\"><\/span><\/h3>\n\n\n\n<p>La piel seca es un desaf\u00edo habitual en las pieles sensibles, que pierden humedad con facilidad. Esta falta de hidrataci\u00f3n puede debilitar la barrera cut\u00e1nea y agravar otros problemas, como la irritaci\u00f3n y las rojeces.<\/p>\n\n\n\n<p><strong>C\u00f3mo tratarlo:<\/strong><\/p>\n\n\n\n<p>Las <strong>Gotas Anti Estr\u00e9s Urbano SPF50+<\/strong>, de la l\u00ednea de <strong>cosm\u00e9tica para piel sensible<\/strong>, son ideales para proteger e hidratar la piel en profundidad. Adem\u00e1s de aportar hidrataci\u00f3n duradera, estas gotas crean una barrera frente a los rayos UV y otros agentes externos.<\/p>\n\n\n\n<p>Apl\u00edcalas cada ma\u00f1ana despu\u00e9s de tu crema facial para mantener la piel suave, hidratada y protegida durante todo el d\u00eda.<\/p>\n\n\n\n<p>Los cambios de temperatura son otro desaf\u00edo importante para las pieles sensibles, especialmente en invierno o climas extremos.<\/p>\n\n\n\n<h3 class=\"wp-block-heading\"><span class=\"ez-toc-section\" id=\"Reacciones_de_la_piel_sensible_a_cambios_climaticos_cuidado_con_alta_cosmetica_piel_sensible\"><\/span><strong>Reacciones de la piel sensible a cambios clim\u00e1ticos: cuidado con alta cosm\u00e9tica piel sensible<\/strong><span class=\"ez-toc-section-end\"><\/span><\/h3>\n\n\n\n<p>Los cambios bruscos de temperatura pueden provocar <strong>reacciones en las pieles sensibles<\/strong>, como enrojecimiento, descamaci\u00f3n o una sensaci\u00f3n general de incomodidad. Este tipo de agresiones son frecuentes durante el invierno o en ambientes con climas extremos.<\/p>\n\n\n\n<p><strong>C\u00f3mo tratarlo:<\/strong><\/p>\n\n\n\n<p>La <strong>Mascarilla reparadora antiestr\u00e9s Emozioni Plus<\/strong>, de la <strong>alta cosm\u00e9tica para piel sensible<\/strong>, es ideal para calmar estas reacciones. Formulada con granada y micro polvos Soft Focus, ayuda a reducir el enrojecimiento y mejora la uniformidad del rostro, aportando un extra de cuidado y protecci\u00f3n.<\/p>\n\n\n\n<p>Util\u00edzala <strong>una o dos veces por semana<\/strong> para fortalecer la piel y prepararla frente a los cambios clim\u00e1ticos.<\/p>\n\n\n\n<p>Con estas soluciones espec\u00edficas de <strong>cosm\u00e9tica natural para piel sensible<\/strong>, podr\u00e1s mantener tu piel hidratada, protegida y en equilibrio, sin importar los factores que la desaf\u00eden.<\/p>\n\n\n\n<p>\u00bfTe gustar\u00eda saber c\u00f3mo estructurar una rutina efectiva con productos de<a href=\"https:\/\/www.vagheggi.es\/blog\/crema-facial-antiarrugas-pieles-sensibles\"> <strong>cosm\u00e9tica natural<\/strong><\/a><strong> para piel sensible<\/strong> que cuide y proteja tu piel cada d\u00eda? \u00a1Ve\u00e1moslo a continuaci\u00f3n!<\/p>\n\n\n\n<h2 class=\"wp-block-heading\"><span class=\"ez-toc-section\" id=\"Como_crear_una_rutina_facial_con_cosmetica_natural_para_piel_sensible\"><\/span><strong>C\u00f3mo crear una rutina facial con cosm\u00e9tica natural para piel sensible<\/strong><span class=\"ez-toc-section-end\"><\/span><\/h2>\n\n\n\n<p>La <strong>cosm\u00e9tica natural para piel sensible<\/strong> es clave para mantener la piel protegida y equilibrada frente a factores como el estr\u00e9s ambiental o los cambios de temperatura. Sin embargo, no basta con elegir buenos productos; tambi\u00e9n es fundamental aplicarlos de forma adecuada para maximizar sus beneficios.<\/p>\n\n\n\n<p>Con la l\u00ednea <strong>Emozioni Plus de Vagheggi<\/strong>, puedes dise\u00f1ar una rutina facial completa que combine limpieza, hidrataci\u00f3n y tratamientos espec\u00edficos, adaptados a las necesidades de las pieles m\u00e1s sensibles.<\/p>\n\n\n\n<p>Descubre c\u00f3mo estructurarla paso a paso.<\/p>\n\n\n\n<h3 class=\"wp-block-heading\"><span class=\"ez-toc-section\" id=\"Paso_1_Limpieza_facial_suave_con_cosmetica_natural_para_piel_sensible\"><\/span><strong>Paso 1. Limpieza facial suave con cosm\u00e9tica natural para piel sensible<\/strong><span class=\"ez-toc-section-end\"><\/span><\/h3>\n\n\n\n<p>El primer paso de cualquier rutina facial es la <strong>limpieza<\/strong>, y en pieles sensibles es crucial usar productos que respeten la <strong>barrera cut\u00e1nea<\/strong>. Un limpiador adecuado elimina impurezas sin irritar, dejando la piel preparada para los siguientes pasos.<\/p>\n\n\n<div class=\"wp-block-image\">\n<figure class=\"aligncenter size-full is-resized\"><img decoding=\"async\" loading=\"lazy\" src=\"https:\/\/www.vagheggi.es\/blog\/wp-content\/uploads\/2025\/02\/crema-limpiadora-pieles-sensibles.jpg\" alt=\"Crema limpiadora para pieles sensibles\" class=\"wp-image-7464\" width=\"600\" height=\"600\" srcset=\"https:\/\/www.vagheggi.es\/blog\/wp-content\/uploads\/2025\/02\/crema-limpiadora-pieles-sensibles.jpg 400w, https:\/\/www.vagheggi.es\/blog\/wp-content\/uploads\/2025\/02\/crema-limpiadora-pieles-sensibles-300x300.jpg 300w, https:\/\/www.vagheggi.es\/blog\/wp-content\/uploads\/2025\/02\/crema-limpiadora-pieles-sensibles-150x150.jpg 150w\" sizes=\"(max-width: 600px) 100vw, 600px\" \/><\/figure><\/div>\n\n\n<div class=\"wp-block-buttons is-content-justification-center is-layout-flex wp-container-1\">\n<div class=\"wp-block-button\"><a class=\"wp-block-button__link wp-element-button\" href=\"https:\/\/www.vagheggi.es\/tienda\/emozioni-plus\/crema-limpiadora-pieles-sensibles\" target=\"_blank\" rel=\"noreferrer noopener\">M\u00e1s detalles sobre la Crema Limpiadora<\/a><\/div>\n<\/div>\n\n\n\n<p>La <strong>Crema Limpiadora Emozioni Plus<\/strong> es suave, libre de sulfatos y fragancias, dise\u00f1ada para que la piel se mantenga limpia y equilibrada.<\/p>\n\n\n\n<p>Este paso inicial con la<a href=\"https:\/\/www.vagheggi.es\/tienda\/emozioni-plus\/crema-limpiadora-pieles-sensibles\"> crema limpiadora para pieles sensibles<\/a> es esencial para preparar tu piel y garantizar que los tratamientos posteriores act\u00faen de forma efectiva.<\/p>\n\n\n\n<p>Tras limpiar la piel, el siguiente paso imprescindible es la hidrataci\u00f3n.<\/p>\n\n\n\n<h3 class=\"wp-block-heading\"><span class=\"ez-toc-section\" id=\"Paso_2_Aplicacion_de_la_Bruma_Concentrada_Calmante_para_pieles_sensibles\"><\/span><strong>Paso 2. Aplicaci\u00f3n de la Bruma Concentrada Calmante para pieles sensibles<\/strong><span class=\"ez-toc-section-end\"><\/span><\/h3>\n\n\n\n<p>Tras la limpieza, es recomendable utilizar la <strong>Bruma Concentrada Calmante Emozioni Plus<\/strong> de Vagheggi. Esta bruma est\u00e1 formulada con agua destilada de manzanilla, conocida por sus propiedades calmantes, y extractos de ar\u00e1ndano y c\u00farcuma, que refrescan y alivian las irritaciones de la piel. <\/p>\n\n\n<div class=\"wp-block-image\">\n<figure class=\"aligncenter size-full is-resized\"><img decoding=\"async\" loading=\"lazy\" src=\"https:\/\/www.vagheggi.es\/blog\/wp-content\/uploads\/2025\/02\/Bruma-calmante-piel-sensible.jpg\" alt=\"\" class=\"wp-image-7466\" width=\"600\" height=\"600\" srcset=\"https:\/\/www.vagheggi.es\/blog\/wp-content\/uploads\/2025\/02\/Bruma-calmante-piel-sensible.jpg 400w, https:\/\/www.vagheggi.es\/blog\/wp-content\/uploads\/2025\/02\/Bruma-calmante-piel-sensible-300x300.jpg 300w, https:\/\/www.vagheggi.es\/blog\/wp-content\/uploads\/2025\/02\/Bruma-calmante-piel-sensible-150x150.jpg 150w\" sizes=\"(max-width: 600px) 100vw, 600px\" \/><\/figure><\/div>\n\n\n<div class=\"wp-block-buttons is-content-justification-center is-layout-flex wp-container-2\">\n<div class=\"wp-block-button\"><a class=\"wp-block-button__link wp-element-button\" href=\"https:\/\/www.vagheggi.es\/tienda\/emozioni-plus\/bruma-concentrada-calmante\" target=\"_blank\" rel=\"noreferrer noopener\">Ver bruma calmante para piel sensible<\/a><\/div>\n<\/div>\n\n\n\n<p>Su formato en spray permite una aplicaci\u00f3n f\u00e1cil y c\u00f3moda, proporcionando un alivio inmediato a las molestias en la piel. Adem\u00e1s, es apta para todo tipo de pieles, especialmente para pieles sensibles y reactivas. Puedes nebulizarla sobre el rostro y el cuerpo, incluso despu\u00e9s del maquillaje, tantas veces como lo desees a lo largo del d\u00eda para mantener la piel hidratada y calmada.<\/p>\n\n\n\n<p>Incorporar esta bruma en tu rutina diaria ayudar\u00e1 a equilibrar y preparar tu piel para los siguientes pasos, potenciando la eficacia de los productos que apliques posteriormente.<\/p>\n\n\n\n<h3 class=\"wp-block-heading\"><span class=\"ez-toc-section\" id=\"Paso_3_Serum_refrescante_para_piel_sensible_cuidado_intensivo_antes_de_la_hidratacion\"><\/span><strong>Paso 3. S\u00e9rum refrescante para piel sensible: cuidado intensivo antes de la hidrataci\u00f3n<\/strong><span class=\"ez-toc-section-end\"><\/span><\/h3>\n\n\n\n<p>El<a href=\"https:\/\/www.vagheggi.es\/tienda\/emozioni-plus\/serum-refrescante\"> s\u00e9rum refrescante para pieles sensibles<\/a> es el complemento perfecto, ya que proporciona un cuidado intensivo que calma, hidrata y refuerza la piel. El <strong>S\u00e9rum Refrescante Emozioni Plus<\/strong>, con <strong>granada<\/strong> y <strong>manzanilla<\/strong>, est\u00e1 dise\u00f1ado para reducir las rojeces, aliviar la tirantez y potenciar la regeneraci\u00f3n celular.<\/p>\n\n\n<div class=\"wp-block-image\">\n<figure class=\"aligncenter size-full is-resized\"><img decoding=\"async\" loading=\"lazy\" src=\"https:\/\/www.vagheggi.es\/blog\/wp-content\/uploads\/2025\/02\/Serum-refrescante-para-pieles-sensibles.jpg\" alt=\"Alta cosm\u00e9tica para pieles sensibles\" class=\"wp-image-7468\" width=\"600\" height=\"600\" srcset=\"https:\/\/www.vagheggi.es\/blog\/wp-content\/uploads\/2025\/02\/Serum-refrescante-para-pieles-sensibles.jpg 400w, https:\/\/www.vagheggi.es\/blog\/wp-content\/uploads\/2025\/02\/Serum-refrescante-para-pieles-sensibles-300x300.jpg 300w, https:\/\/www.vagheggi.es\/blog\/wp-content\/uploads\/2025\/02\/Serum-refrescante-para-pieles-sensibles-150x150.jpg 150w\" sizes=\"(max-width: 600px) 100vw, 600px\" \/><\/figure><\/div>\n\n\n<div class=\"wp-block-buttons is-content-justification-center is-layout-flex wp-container-3\">\n<div class=\"wp-block-button\"><a class=\"wp-block-button__link wp-element-button\" href=\"https:\/\/www.vagheggi.es\/tienda\/emozioni-plus\/serum-refrescante\" target=\"_blank\" rel=\"noreferrer noopener\">M\u00e1s informaci\u00f3n sobre el s\u00e9rum refrescante para piel sensible<\/a><\/div>\n<\/div>\n\n\n\n<p>Aplica unas gotas antes de la crema hidratante, tanto por la ma\u00f1ana como por la noche, masajeando suavemente hasta que se absorba por completo. Este paso asegura que tu piel reciba un extra de cuidado y est\u00e9 mejor preparada frente a los factores externos.<\/p>\n\n\n\n<p>Para completar la protecci\u00f3n diaria, no puede faltar un buen protector solar.<\/p>\n\n\n\n<h3 class=\"wp-block-heading\"><span class=\"ez-toc-section\" id=\"Paso_4_Hidratacion_con_cremas_para_piel_sensible\"><\/span><strong>Paso 4. Hidrataci\u00f3n con cremas para piel sensible<\/strong><span class=\"ez-toc-section-end\"><\/span><\/h3>\n\n\n\n<p>La hidrataci\u00f3n es fundamental en cualquier rutina, pero especialmente para las pieles sensibles. La <strong>Crema Facial Emozioni Plus<\/strong> hidrata en profundidad, reduce las rojeces y fortalece la <strong>funci\u00f3n barrera de la piel<\/strong>. Gracias a activos como la c\u00farcuma y el ar\u00e1ndano, tambi\u00e9n protege frente a agentes externos como la contaminaci\u00f3n o los cambios clim\u00e1ticos.<\/p>\n\n\n<div class=\"wp-block-image\">\n<figure class=\"aligncenter size-full is-resized\"><img decoding=\"async\" loading=\"lazy\" src=\"https:\/\/www.vagheggi.es\/blog\/wp-content\/uploads\/2025\/02\/Crema-facial-para-pieles-sensibles.jpg\" alt=\"\" class=\"wp-image-7470\" width=\"600\" height=\"600\" srcset=\"https:\/\/www.vagheggi.es\/blog\/wp-content\/uploads\/2025\/02\/Crema-facial-para-pieles-sensibles.jpg 400w, https:\/\/www.vagheggi.es\/blog\/wp-content\/uploads\/2025\/02\/Crema-facial-para-pieles-sensibles-300x300.jpg 300w, https:\/\/www.vagheggi.es\/blog\/wp-content\/uploads\/2025\/02\/Crema-facial-para-pieles-sensibles-150x150.jpg 150w\" sizes=\"(max-width: 600px) 100vw, 600px\" \/><\/figure><\/div>\n\n\n<div class=\"wp-block-buttons is-content-justification-center is-layout-flex wp-container-4\">\n<div class=\"wp-block-button\"><a class=\"wp-block-button__link wp-element-button\" href=\"https:\/\/www.vagheggi.es\/tienda\/emozioni-plus\/crema-facial-pieles-sensibles\" target=\"_blank\" rel=\"noreferrer noopener\">Conocer m\u00e1s detalles de esta crema facial<\/a><\/div>\n<\/div>\n\n\n\n<p>Aplica una peque\u00f1a cantidad de<a href=\"https:\/\/www.vagheggi.es\/tienda\/emozioni-plus\/crema-facial-pieles-sensibles\"> crema facial para pieles sensibles<\/a> cada ma\u00f1ana en el rostro y cuello, masajeando suavemente hasta que se absorba. Este paso asegura que tu piel reciba la hidrataci\u00f3n y protecci\u00f3n necesarias durante todo el d\u00eda.<\/p>\n\n\n\n<p>Una vez hidratada, tu piel est\u00e1 lista para recibir un cuidado intensivo con un s\u00e9rum espec\u00edfico.<\/p>\n\n\n\n<h3 class=\"wp-block-heading\"><span class=\"ez-toc-section\" id=\"Paso_5_Proteccion_solar_con_cosmetica_para_pieles_sensibles\"><\/span><strong>Paso 5. Protecci\u00f3n solar con cosm\u00e9tica para pieles sensibles<\/strong><span class=\"ez-toc-section-end\"><\/span><\/h3>\n\n\n\n<p>Las pieles sensibles necesitan protecci\u00f3n solar diaria para evitar da\u00f1os causados por los rayos UV, que pueden agravar problemas como la sequedad o las rojeces.<\/p>\n\n\n<div class=\"wp-block-image\">\n<figure class=\"aligncenter size-full is-resized\"><img decoding=\"async\" loading=\"lazy\" src=\"https:\/\/www.vagheggi.es\/blog\/wp-content\/uploads\/2025\/02\/Gotas-antiestres-piel-sensible.jpg\" alt=\"\" class=\"wp-image-7472\" width=\"600\" height=\"600\" srcset=\"https:\/\/www.vagheggi.es\/blog\/wp-content\/uploads\/2025\/02\/Gotas-antiestres-piel-sensible.jpg 400w, https:\/\/www.vagheggi.es\/blog\/wp-content\/uploads\/2025\/02\/Gotas-antiestres-piel-sensible-300x300.jpg 300w, https:\/\/www.vagheggi.es\/blog\/wp-content\/uploads\/2025\/02\/Gotas-antiestres-piel-sensible-150x150.jpg 150w\" sizes=\"(max-width: 600px) 100vw, 600px\" \/><\/figure><\/div>\n\n\n<div class=\"wp-block-buttons is-content-justification-center is-layout-flex wp-container-5\">\n<div class=\"wp-block-button\"><a class=\"wp-block-button__link wp-element-button\" href=\"https:\/\/www.vagheggi.es\/tienda\/emozioni-plus\/gotas-anti-estres-urbano-spf50\" target=\"_blank\" rel=\"noreferrer noopener\">M\u00e1s detalles sobre las Gotas Antiestr\u00e9s Urbano SPF50+<\/a><\/div>\n<\/div>\n\n\n\n<p>Las<a href=\"https:\/\/www.vagheggi.es\/tienda\/emozioni-plus\/gotas-anti-estres-urbano-spf50\"> <strong>Gotas Antiestr\u00e9s Urbano SPF50+<\/strong><\/a>, de la l\u00ednea de <strong>cosm\u00e9tica para piel sensible<\/strong>, ofrecen una soluci\u00f3n eficaz al proteger, hidratar y reforzar la piel con antioxidantes.<\/p>\n\n\n\n<p>Aplica unas gotas despu\u00e9s del s\u00e9rum, asegur\u00e1ndote de cubrir todo el rostro y el cuello. Este paso es imprescindible para mantener tu <strong>piel equilibrada y protegida durante todo el d\u00eda.<\/strong><\/p>\n\n\n\n<p>Por la noche, la piel necesita un cuidado que la regenere y alivie los efectos del d\u00eda.<\/p>\n\n\n\n<h3 class=\"wp-block-heading\"><span class=\"ez-toc-section\" id=\"Paso_6_Mascarilla_reparadora_antiestres_de_alta_cosmetica_para_piel_sensible\"><\/span><strong>Paso 6. Mascarilla reparadora antiestr\u00e9s de alta cosm\u00e9tica para piel sensible<\/strong><span class=\"ez-toc-section-end\"><\/span><\/h3>\n\n\n\n<p>La <strong>Mascarilla No Stress Emozioni Plus<\/strong>, formulada con granada y micro polvos Soft Focus, ofrece un cuidado extra para las pieles sensibles, calmando las rojeces, reduciendo la irritaci\u00f3n y mejorando la luminosidad del rostro.<\/p>\n\n\n\n<figure class=\"wp-block-image aligncenter size-full is-resized\"><img decoding=\"async\" loading=\"lazy\" src=\"https:\/\/www.vagheggi.es\/blog\/wp-content\/uploads\/2025\/02\/mascarilla-reparadora-antiestres.jpg\" alt=\"Cosm\u00e9tica para piel sensible\n\n\" class=\"wp-image-7474\" width=\"600\" height=\"600\" srcset=\"https:\/\/www.vagheggi.es\/blog\/wp-content\/uploads\/2025\/02\/mascarilla-reparadora-antiestres.jpg 400w, https:\/\/www.vagheggi.es\/blog\/wp-content\/uploads\/2025\/02\/mascarilla-reparadora-antiestres-300x300.jpg 300w, https:\/\/www.vagheggi.es\/blog\/wp-content\/uploads\/2025\/02\/mascarilla-reparadora-antiestres-150x150.jpg 150w\" sizes=\"(max-width: 600px) 100vw, 600px\" \/><\/figure>\n\n\n\n<div class=\"wp-block-buttons is-content-justification-center is-layout-flex wp-container-6\">\n<div class=\"wp-block-button\"><a class=\"wp-block-button__link wp-element-button\" href=\"https:\/\/www.vagheggi.es\/tienda\/emozioni-plus\/mascarilla-reparadora-antiestres\" target=\"_blank\" rel=\"noreferrer noopener\">M\u00e1s informaci\u00f3n sobre la mascarilla reparadora antiestr\u00e9s<\/a><\/div>\n<\/div>\n\n\n\n<p>Aplica la<a href=\"https:\/\/www.vagheggi.es\/tienda\/emozioni-plus\/mascarilla-reparadora-antiestres\"> mascarilla reparadora antiestr\u00e9s<\/a> una o dos veces por semana sobre la piel limpia, dejando actuar <strong>entre 10 y 15 minutos.<\/strong><\/p>\n\n\n\n<p>Ret\u00edrala con un pa\u00f1o h\u00famedo para disfrutar de una <strong>piel m\u00e1s uniforme<\/strong>, revitalizada y en equilibrio.<\/p>\n\n\n\n<p>Con estos 6 pasos esenciales y los productos adicionales de <strong>alta cosm\u00e9tica natural para piel sensible<\/strong>, puedes lograr una piel m\u00e1s equilibrada, hidratada y protegida cada d\u00eda.<\/p>\n\n\n\n<p>\u00bfTe gustar\u00eda saber d\u00f3nde conseguir estos productos y empezar a cuidar tu piel?<\/p>\n\n\n\n<p>\u00a1Te lo contamos en el pr\u00f3ximo apartado!<\/p>\n\n\n\n<h2 class=\"wp-block-heading\"><span class=\"ez-toc-section\" id=\"Donde_comprar_la_mejor_cosmetica_natural_para_piel_sensible\"><\/span><strong>D\u00f3nde comprar la mejor cosm\u00e9tica natural para piel sensible<\/strong><span class=\"ez-toc-section-end\"><\/span><\/h2>\n\n\n\n<p>Toda la l\u00ednea de <strong>cosm\u00e9tica natural para piel sensible<\/strong> de Vagheggi est\u00e1 disponible en<a href=\"https:\/\/www.vagheggi.es\/tienda\/\"> nuestra tienda online oficial.<\/a><\/p>\n\n\n\n<p>Aqu\u00ed podr\u00e1s encontrar una <strong>amplia variedad de productos<\/strong> dise\u00f1ados para <strong>calmar, hidratar y proteger <\/strong>las pieles m\u00e1s delicadas, desde limpiadores suaves hasta tratamientos espec\u00edficos como s\u00e9rums, mascarillas o<a href=\"https:\/\/www.vagheggi.es\/tienda\/cremas-faciales\"> cremas faciales<\/a>, como las<a href=\"https:\/\/www.vagheggi.es\/blog\/crema-facial-antiarrugas-pieles-sensibles\"> cremas antiarrugas para pieles sensibles.<\/a><\/p>\n\n\n\n<p>En nuestra tienda online te ofrecemos informaci\u00f3n detallada sobre cada producto, para que puedas elegir con confianza lo que mejor <strong>se adapta a las necesidades de tu piel.<\/strong><\/p>\n\n\n\n<p>Adem\u00e1s, si tienes alguna duda o necesitas orientaci\u00f3n,<a href=\"https:\/\/www.vagheggi.es\/tienda\/contactenos\"> cont\u00e1ctanos<\/a>, nuestro experto en piel sensible est\u00e1 disponible para asesorarte de forma personalizada y ayudarte a crear una rutina adecuada.Da el primer paso hacia un cuidado efectivo y respetuoso visitando<a href=\"https:\/\/www.vagheggi.es\/\"> <strong>vagheggi.es,<\/strong><\/a><strong>tu piel sensible merece lo mejor.<\/strong><\/p>\n","protected":false},"excerpt":{"rendered":"<p>La cosm\u00e9tica natural para piel sensible es el cuidado que tu piel necesita para mantenerse saludable, equilibrada y protegida. Este tipo de piel requiere productos espec\u00edficos que respeten su fragilidad, ofreciendo calma, hidrataci\u00f3n y protecci\u00f3n frente a factores externos como la contaminaci\u00f3n o los cambios clim\u00e1ticos. En este art\u00edculo, te mostraremos c\u00f3mo cuidar tu piel [&hellip;]<\/p>\n","protected":false},"author":10,"featured_media":7454,"comment_status":"closed","ping_status":"open","sticky":false,"template":"","format":"standard","meta":[],"categories":[196],"tags":[],"yoast_head":"<!-- This site is optimized with the Yoast SEO plugin v19.13 - https:\/\/yoast.com\/wordpress\/plugins\/seo\/ -->\n<title>Cosm\u00e9tica natural para Piel Sensible | Cuidado de la piel sensible<\/title>\n<meta name=\"description\" content=\"Entra y descubre lo \u00faltimo en cosm\u00e9tica natural para piel sensible con ingredientes naturales. Adi\u00f3s a la rojez y al picor. Mima tu piel\" \/>\n<meta name=\"robots\" content=\"index, follow, max-snippet:-1, max-image-preview:large, max-video-preview:-1\" \/>\n<link rel=\"canonical\" href=\"https:\/\/www.vagheggi.es\/blog\/cosmetica-natural-piel-sensible\" \/>\n<meta property=\"og:locale\" content=\"es_ES\" \/>\n<meta property=\"og:type\" content=\"article\" \/>\n<meta property=\"og:title\" content=\"Cosm\u00e9tica natural para Piel Sensible | Cuidado de la piel sensible\" \/>\n<meta property=\"og:description\" content=\"Entra y descubre lo \u00faltimo en cosm\u00e9tica natural para piel sensible con ingredientes naturales. Adi\u00f3s a la rojez y al picor. Mima tu piel\" \/>\n<meta property=\"og:url\" content=\"https:\/\/www.vagheggi.es\/blog\/cosmetica-natural-piel-sensible\" \/>\n<meta property=\"og:site_name\" content=\"VGH Lifestyle\" \/>\n<meta property=\"article:publisher\" content=\"https:\/\/www.facebook.com\/vagheggicosmetica\" \/>\n<meta property=\"article:published_time\" content=\"2025-02-04T11:36:12+00:00\" \/>\n<meta property=\"article:modified_time\" content=\"2025-02-11T06:28:02+00:00\" \/>\n<meta property=\"og:image\" content=\"https:\/\/www.vagheggi.es\/blog\/wp-content\/uploads\/2025\/02\/Cosmetica-natural-piel-sensible-scaled.jpg\" \/>\n\t<meta property=\"og:image:width\" content=\"2560\" \/>\n\t<meta property=\"og:image:height\" content=\"1707\" \/>\n\t<meta property=\"og:image:type\" content=\"image\/jpeg\" \/>\n<meta name=\"author\" content=\"contenido@inboundmas.es\" \/>\n<meta name=\"twitter:card\" content=\"summary_large_image\" \/>\n<meta name=\"twitter:creator\" content=\"@vagheggicosmetica_es\" \/>\n<meta name=\"twitter:site\" content=\"@vagheggicosmetica_es\" \/>\n<meta name=\"twitter:label1\" content=\"Escrito por\" \/>\n\t<meta name=\"twitter:data1\" content=\"contenido@inboundmas.es\" \/>\n\t<meta name=\"twitter:label2\" content=\"Tiempo de lectura\" \/>\n\t<meta name=\"twitter:data2\" content=\"17 minutos\" \/>\n<script type=\"application\/ld+json\" class=\"yoast-schema-graph\">{\"@context\":\"https:\/\/schema.org\",\"@graph\":[{\"@type\":\"WebPage\",\"@id\":\"https:\/\/www.vagheggi.es\/blog\/cosmetica-natural-piel-sensible\",\"url\":\"https:\/\/www.vagheggi.es\/blog\/cosmetica-natural-piel-sensible\",\"name\":\"Cosm\u00e9tica natural para Piel Sensible | Cuidado de la piel sensible\",\"isPartOf\":{\"@id\":\"https:\/\/www.vagheggi.es\/blog\/#website\"},\"datePublished\":\"2025-02-04T11:36:12+00:00\",\"dateModified\":\"2025-02-11T06:28:02+00:00\",\"author\":{\"@id\":\"https:\/\/www.vagheggi.es\/blog\/#\/schema\/person\/dcc734dad2ffe84fb3a92157d01bcdf2\"},\"description\":\"Entra y descubre lo \u00faltimo en cosm\u00e9tica natural para piel sensible con ingredientes naturales. Adi\u00f3s a la rojez y al picor. Mima tu piel\",\"breadcrumb\":{\"@id\":\"https:\/\/www.vagheggi.es\/blog\/cosmetica-natural-piel-sensible#breadcrumb\"},\"inLanguage\":\"es\",\"potentialAction\":[{\"@type\":\"ReadAction\",\"target\":[\"https:\/\/www.vagheggi.es\/blog\/cosmetica-natural-piel-sensible\"]}]},{\"@type\":\"BreadcrumbList\",\"@id\":\"https:\/\/www.vagheggi.es\/blog\/cosmetica-natural-piel-sensible#breadcrumb\",\"itemListElement\":[{\"@type\":\"ListItem\",\"position\":1,\"name\":\"Portada\",\"item\":\"https:\/\/www.vagheggi.es\/blog\/\"},{\"@type\":\"ListItem\",\"position\":2,\"name\":\"Cosm\u00e9tica natural para piel sensible: hidrata, nutre y protege\"}]},{\"@type\":\"WebSite\",\"@id\":\"https:\/\/www.vagheggi.es\/blog\/#website\",\"url\":\"https:\/\/www.vagheggi.es\/blog\/\",\"name\":\"VGH Lifestyle\",\"description\":\"VGH Lifestyle\",\"potentialAction\":[{\"@type\":\"SearchAction\",\"target\":{\"@type\":\"EntryPoint\",\"urlTemplate\":\"https:\/\/www.vagheggi.es\/blog\/?s={search_term_string}\"},\"query-input\":\"required name=search_term_string\"}],\"inLanguage\":\"es\"},{\"@type\":\"Person\",\"@id\":\"https:\/\/www.vagheggi.es\/blog\/#\/schema\/person\/dcc734dad2ffe84fb3a92157d01bcdf2\",\"name\":\"contenido@inboundmas.es\",\"image\":{\"@type\":\"ImageObject\",\"inLanguage\":\"es\",\"@id\":\"https:\/\/www.vagheggi.es\/blog\/#\/schema\/person\/image\/\",\"url\":\"https:\/\/secure.gravatar.com\/avatar\/0c5031f032f40fc45edf043507b344df?s=96&d=mm&r=g\",\"contentUrl\":\"https:\/\/secure.gravatar.com\/avatar\/0c5031f032f40fc45edf043507b344df?s=96&d=mm&r=g\",\"caption\":\"contenido@inboundmas.es\"}}]}<\/script>\n<!-- \/ Yoast SEO plugin. -->","yoast_head_json":{"title":"Cosm\u00e9tica natural para Piel Sensible | Cuidado de la piel sensible","description":"Entra y descubre lo \u00faltimo en cosm\u00e9tica natural para piel sensible con ingredientes naturales. Adi\u00f3s a la rojez y al picor. Mima tu piel","robots":{"index":"index","follow":"follow","max-snippet":"max-snippet:-1","max-image-preview":"max-image-preview:large","max-video-preview":"max-video-preview:-1"},"canonical":"https:\/\/www.vagheggi.es\/blog\/cosmetica-natural-piel-sensible","og_locale":"es_ES","og_type":"article","og_title":"Cosm\u00e9tica natural para Piel Sensible | Cuidado de la piel sensible","og_description":"Entra y descubre lo \u00faltimo en cosm\u00e9tica natural para piel sensible con ingredientes naturales. Adi\u00f3s a la rojez y al picor. Mima tu piel","og_url":"https:\/\/www.vagheggi.es\/blog\/cosmetica-natural-piel-sensible","og_site_name":"VGH Lifestyle","article_publisher":"https:\/\/www.facebook.com\/vagheggicosmetica","article_published_time":"2025-02-04T11:36:12+00:00","article_modified_time":"2025-02-11T06:28:02+00:00","og_image":[{"width":2560,"height":1707,"url":"https:\/\/www.vagheggi.es\/blog\/wp-content\/uploads\/2025\/02\/Cosmetica-natural-piel-sensible-scaled.jpg","type":"image\/jpeg"}],"author":"contenido@inboundmas.es","twitter_card":"summary_large_image","twitter_creator":"@vagheggicosmetica_es","twitter_site":"@vagheggicosmetica_es","twitter_misc":{"Escrito por":"contenido@inboundmas.es","Tiempo de lectura":"17 minutos"},"schema":{"@context":"https:\/\/schema.org","@graph":[{"@type":"WebPage","@id":"https:\/\/www.vagheggi.es\/blog\/cosmetica-natural-piel-sensible","url":"https:\/\/www.vagheggi.es\/blog\/cosmetica-natural-piel-sensible","name":"Cosm\u00e9tica natural para Piel Sensible | Cuidado de la piel sensible","isPartOf":{"@id":"https:\/\/www.vagheggi.es\/blog\/#website"},"datePublished":"2025-02-04T11:36:12+00:00","dateModified":"2025-02-11T06:28:02+00:00","author":{"@id":"https:\/\/www.vagheggi.es\/blog\/#\/schema\/person\/dcc734dad2ffe84fb3a92157d01bcdf2"},"description":"Entra y descubre lo \u00faltimo en cosm\u00e9tica natural para piel sensible con ingredientes naturales. Adi\u00f3s a la rojez y al picor. Mima tu piel","breadcrumb":{"@id":"https:\/\/www.vagheggi.es\/blog\/cosmetica-natural-piel-sensible#breadcrumb"},"inLanguage":"es","potentialAction":[{"@type":"ReadAction","target":["https:\/\/www.vagheggi.es\/blog\/cosmetica-natural-piel-sensible"]}]},{"@type":"BreadcrumbList","@id":"https:\/\/www.vagheggi.es\/blog\/cosmetica-natural-piel-sensible#breadcrumb","itemListElement":[{"@type":"ListItem","position":1,"name":"Portada","item":"https:\/\/www.vagheggi.es\/blog\/"},{"@type":"ListItem","position":2,"name":"Cosm\u00e9tica natural para piel sensible: hidrata, nutre y protege"}]},{"@type":"WebSite","@id":"https:\/\/www.vagheggi.es\/blog\/#website","url":"https:\/\/www.vagheggi.es\/blog\/","name":"VGH Lifestyle","description":"VGH Lifestyle","potentialAction":[{"@type":"SearchAction","target":{"@type":"EntryPoint","urlTemplate":"https:\/\/www.vagheggi.es\/blog\/?s={search_term_string}"},"query-input":"required name=search_term_string"}],"inLanguage":"es"},{"@type":"Person","@id":"https:\/\/www.vagheggi.es\/blog\/#\/schema\/person\/dcc734dad2ffe84fb3a92157d01bcdf2","name":"contenido@inboundmas.es","image":{"@type":"ImageObject","inLanguage":"es","@id":"https:\/\/www.vagheggi.es\/blog\/#\/schema\/person\/image\/","url":"https:\/\/secure.gravatar.com\/avatar\/0c5031f032f40fc45edf043507b344df?s=96&d=mm&r=g","contentUrl":"https:\/\/secure.gravatar.com\/avatar\/0c5031f032f40fc45edf043507b344df?s=96&d=mm&r=g","caption":"contenido@inboundmas.es"}}]}},"_links":{"self":[{"href":"https:\/\/www.vagheggi.es\/blog\/wp-json\/wp\/v2\/posts\/7452"}],"collection":[{"href":"https:\/\/www.vagheggi.es\/blog\/wp-json\/wp\/v2\/posts"}],"about":[{"href":"https:\/\/www.vagheggi.es\/blog\/wp-json\/wp\/v2\/types\/post"}],"author":[{"embeddable":true,"href":"https:\/\/www.vagheggi.es\/blog\/wp-json\/wp\/v2\/users\/10"}],"replies":[{"embeddable":true,"href":"https:\/\/www.vagheggi.es\/blog\/wp-json\/wp\/v2\/comments?post=7452"}],"version-history":[{"count":18,"href":"https:\/\/www.vagheggi.es\/blog\/wp-json\/wp\/v2\/posts\/7452\/revisions"}],"predecessor-version":[{"id":7556,"href":"https:\/\/www.vagheggi.es\/blog\/wp-json\/wp\/v2\/posts\/7452\/revisions\/7556"}],"wp:featuredmedia":[{"embeddable":true,"href":"https:\/\/www.vagheggi.es\/blog\/wp-json\/wp\/v2\/media\/7454"}],"wp:attachment":[{"href":"https:\/\/www.vagheggi.es\/blog\/wp-json\/wp\/v2\/media?parent=7452"}],"wp:term":[{"taxonomy":"category","embeddable":true,"href":"https:\/\/www.vagheggi.es\/blog\/wp-json\/wp\/v2\/categories?post=7452"},{"taxonomy":"post_tag","embeddable":true,"href":"https:\/\/www.vagheggi.es\/blog\/wp-json\/wp\/v2\/tags?post=7452"}],"curies":[{"name":"wp","href":"https:\/\/api.w.org\/{rel}","templated":true}]}}