{"id":7773,"date":"2025-04-07T10:55:13","date_gmt":"2025-04-07T10:55:13","guid":{"rendered":"https:\/\/www.vagheggi.es\/blog\/?p=7773"},"modified":"2025-04-07T11:42:20","modified_gmt":"2025-04-07T11:42:20","slug":"belleza-cosmetica-y-cuidado-personal","status":"publish","type":"post","link":"https:\/\/www.vagheggi.es\/blog\/belleza-cosmetica-y-cuidado-personal","title":{"rendered":"La belleza cosm\u00e9tica y cuidado personal deja de ser el gran olvidado"},"content":{"rendered":"\n<p>Durante mucho tiempo, <strong>la belleza cosm\u00e9tica y cuidado personal<\/strong> se centraba en prepararnos para la temporada estival, cuando nos exponemos m\u00e1s al sol y usamos ropa m\u00e1s ligera. Los tratamientos y la <strong>cosm\u00e9tica y cuidado personal<\/strong> se asociaban principalmente con la \u201coperaci\u00f3n bikini\u201d o con el \u201c\u00faltimo empuj\u00f3n\u201d antes del verano. Sin embargo, esta tendencia est\u00e1 cambiando dr\u00e1sticamente en los \u00faltimos a\u00f1os.<\/p>\n\n\n\n<p>El 2025 marca un cambio fundamental: ahora entendemos que <strong>la belleza cosm\u00e9tica y el cuidado personal<\/strong> debe ser constante, no solo un tratamiento de \u00faltima hora antes de las vacaciones. Es una prioridad durante todo el a\u00f1o, porque la piel del cuerpo envejece y necesita atenci\u00f3n en todas las estaciones. Y con ello, el foco ha pasado de la hidrataci\u00f3n y reafirmaci\u00f3n superficiales a tratar de prevenir el envejecimiento de la piel desde su base.<\/p>\n\n\n\n<div id=\"ez-toc-container\" class=\"ez-toc-v2_0_72 counter-hierarchy ez-toc-counter ez-toc-grey ez-toc-container-direction\">\n<div class=\"ez-toc-title-container\">\n<p class=\"ez-toc-title\" style=\"cursor:inherit\">\u00cdndice <\/p>\n<span class=\"ez-toc-title-toggle\"><a href=\"#\" class=\"ez-toc-pull-right ez-toc-btn ez-toc-btn-xs ez-toc-btn-default ez-toc-toggle\" aria-label=\"Toggle Table of Content\"><span class=\"ez-toc-js-icon-con\"><span class=\"\"><span class=\"eztoc-hide\" style=\"display:none;\">Toggle<\/span><span class=\"ez-toc-icon-toggle-span\"><svg style=\"fill: #999;color:#999\" xmlns=\"http:\/\/www.w3.org\/2000\/svg\" class=\"list-377408\" width=\"20px\" height=\"20px\" viewBox=\"0 0 24 24\" fill=\"none\"><path d=\"M6 6H4v2h2V6zm14 0H8v2h12V6zM4 11h2v2H4v-2zm16 0H8v2h12v-2zM4 16h2v2H4v-2zm16 0H8v2h12v-2z\" fill=\"currentColor\"><\/path><\/svg><svg style=\"fill: #999;color:#999\" class=\"arrow-unsorted-368013\" xmlns=\"http:\/\/www.w3.org\/2000\/svg\" width=\"10px\" height=\"10px\" viewBox=\"0 0 24 24\" version=\"1.2\" baseProfile=\"tiny\"><path d=\"M18.2 9.3l-6.2-6.3-6.2 6.3c-.2.2-.3.4-.3.7s.1.5.3.7c.2.2.4.3.7.3h11c.3 0 .5-.1.7-.3.2-.2.3-.5.3-.7s-.1-.5-.3-.7zM5.8 14.7l6.2 6.3 6.2-6.3c.2-.2.3-.5.3-.7s-.1-.5-.3-.7c-.2-.2-.4-.3-.7-.3h-11c-.3 0-.5.1-.7.3-.2.2-.3.5-.3.7s.1.5.3.7z\"\/><\/svg><\/span><\/span><\/span><\/a><\/span><\/div>\n<nav><ul class='ez-toc-list ez-toc-list-level-1 ' ><li class='ez-toc-page-1 ez-toc-heading-level-2'><a class=\"ez-toc-link ez-toc-heading-1\" href=\"https:\/\/www.vagheggi.es\/blog\/belleza-cosmetica-y-cuidado-personal\/#El_auge_de_la_cosmetica_y_cuidado_personal_en_centros_de_estetica_y_en_casa\" title=\"El auge de la cosm\u00e9tica y cuidado personal en centros de est\u00e9tica y en casa\">El auge de la cosm\u00e9tica y cuidado personal en centros de est\u00e9tica y en casa<\/a><\/li><li class='ez-toc-page-1 ez-toc-heading-level-2'><a class=\"ez-toc-link ez-toc-heading-2\" href=\"https:\/\/www.vagheggi.es\/blog\/belleza-cosmetica-y-cuidado-personal\/#Celulas_zombis_y_ciencia_senolitica_El_enemigo_oculto_de_la_belleza_cosmetica_y_cuidado_personal\" title=\"C\u00e9lulas zombis y ciencia senol\u00edtica: El enemigo oculto de la belleza cosm\u00e9tica y cuidado personal\">C\u00e9lulas zombis y ciencia senol\u00edtica: El enemigo oculto de la belleza cosm\u00e9tica y cuidado personal<\/a><\/li><li class='ez-toc-page-1 ez-toc-heading-level-2'><a class=\"ez-toc-link ez-toc-heading-3\" href=\"https:\/\/www.vagheggi.es\/blog\/belleza-cosmetica-y-cuidado-personal\/#Cosmetica_y_cuidado_personal_avanzada_Mas_que_remodelacion\" title=\"Cosm\u00e9tica y cuidado personal avanzada: M\u00e1s que remodelaci\u00f3n\">Cosm\u00e9tica y cuidado personal avanzada: M\u00e1s que remodelaci\u00f3n<\/a><ul class='ez-toc-list-level-3' ><li class='ez-toc-heading-level-3'><a class=\"ez-toc-link ez-toc-heading-4\" href=\"https:\/\/www.vagheggi.es\/blog\/belleza-cosmetica-y-cuidado-personal\/#Activos_clave_en_la_belleza_cosmetica_y_cuidado_personal_avanzada\" title=\"Activos clave en la belleza cosm\u00e9tica y cuidado personal avanzada\">Activos clave en la belleza cosm\u00e9tica y cuidado personal avanzada<\/a><\/li><\/ul><\/li><li class='ez-toc-page-1 ez-toc-heading-level-2'><a class=\"ez-toc-link ez-toc-heading-5\" href=\"https:\/\/www.vagheggi.es\/blog\/belleza-cosmetica-y-cuidado-personal\/#Belleza_cosmetica_y_cuidado_personal_en_casa_y_centros_esteticos_Como_aplicar_este_nuevo_enfoque\" title=\"Belleza cosm\u00e9tica y cuidado personal en casa y centros est\u00e9ticos: C\u00f3mo aplicar este nuevo enfoque\">Belleza cosm\u00e9tica y cuidado personal en casa y centros est\u00e9ticos: C\u00f3mo aplicar este nuevo enfoque<\/a><\/li><li class='ez-toc-page-1 ez-toc-heading-level-2'><a class=\"ez-toc-link ez-toc-heading-6\" href=\"https:\/\/www.vagheggi.es\/blog\/belleza-cosmetica-y-cuidado-personal\/#El_nuevo_significado_de_la_belleza_cosmetica_y_cuidado_personal\" title=\"El nuevo significado de la belleza cosm\u00e9tica y cuidado personal\">El nuevo significado de la belleza cosm\u00e9tica y cuidado personal<\/a><\/li><\/ul><\/nav><\/div>\n<h2 class=\"wp-block-heading\"><span class=\"ez-toc-section\" id=\"El_auge_de_la_cosmetica_y_cuidado_personal_en_centros_de_estetica_y_en_casa\"><\/span><strong>El auge de la cosm\u00e9tica y cuidado personal en centros de est\u00e9tica y en casa<\/strong><span class=\"ez-toc-section-end\"><\/span><\/h2>\n\n\n\n<p>Los datos hablan por s\u00ed solos:<\/p>\n\n\n\n<ul>\n<li>El inter\u00e9s por los <strong>tratamientos corporales<\/strong> ha crecido un 30% en los \u00faltimos a\u00f1os en centros de est\u00e9tica (seg\u00fan estudios del sector).<\/li>\n\n\n\n<li>La demanda de protocolos corporales antiedad ha aumentado exponencialmente.<\/li>\n\n\n\n<li>Ha surgido una nueva categor\u00eda en la <strong>cosm\u00e9tica y cuidado personal<\/strong>: productos con activos de alta tecnolog\u00eda, inspirados en el cuidado facial.<\/li>\n\n\n\n<li>Se est\u00e1n incorporando rutinas de aplicaci\u00f3n m\u00e1s sofisticadas, como masajes remodelantes, t\u00e9cnicas de drenaje linf\u00e1tico y rituales sensoriales, tanto en cabina como en casa.<\/li>\n<\/ul>\n\n\n\n<p>Esta transformaci\u00f3n responde a una necesidad clara: la piel del cuerpo tambi\u00e9n envejece y merece ser tratada con el mismo nivel de innovaci\u00f3n que la del rostro.<\/p>\n\n\n\n<h2 class=\"wp-block-heading\"><span class=\"ez-toc-section\" id=\"Celulas_zombis_y_ciencia_senolitica_El_enemigo_oculto_de_la_belleza_cosmetica_y_cuidado_personal\"><\/span><strong>C\u00e9lulas zombis y ciencia senol\u00edtica: El enemigo oculto de la belleza cosm\u00e9tica y cuidado personal<\/strong><span class=\"ez-toc-section-end\"><\/span><\/h2>\n\n\n\n<p>Uno de los descubrimientos m\u00e1s revolucionarios en la ciencia del envejecimiento es el impacto de las c\u00e9lulas senescentes, tambi\u00e9n conocidas como c\u00e9lulas zombis.<br>Estas c\u00e9lulas han perdido su funci\u00f3n regeneradora, pero en lugar de desaparecer, se acumulan en los tejidos y liberan sustancias inflamatorias que aceleran el envejecimiento cut\u00e1neo. Como resultado, la piel del cuerpo pierde firmeza, se vuelve m\u00e1s fina y fr\u00e1gil, y muestra signos de flacidez y falta de densidad.<\/p>\n\n\n\n<p>Aqu\u00ed es donde entra la ciencia senol\u00edtica, que ha demostrado ser capaz de eliminar selectivamente estas c\u00e9lulas senescentes y estimular la regeneraci\u00f3n celular.<\/p>\n\n\n\n<h2 class=\"wp-block-heading\"><span class=\"ez-toc-section\" id=\"Cosmetica_y_cuidado_personal_avanzada_Mas_que_remodelacion\"><\/span><strong>Cosm\u00e9tica y cuidado personal avanzada: M\u00e1s que remodelaci\u00f3n<\/strong><span class=\"ez-toc-section-end\"><\/span><\/h2>\n\n\n\n<p>Hasta ahora, los <strong>tratamientos corporales<\/strong> se han centrado principalmente en reducir volumen, drenar l\u00edquidos y reafirmar la piel. Pero la verdadera innovaci\u00f3n est\u00e1 en tratar el envejecimiento de la piel del cuerpo desde dentro, asegurando que la piel sea resistente, firme y con un aspecto saludable durante todo el a\u00f1o, no solo cuando llega la temporada de calor.<\/p>\n\n\n\n<p>Este enfoque Pro-Aging corporal aporta beneficios clave:<\/p>\n\n\n\n<ul>\n<li>Elimina c\u00e9lulas senescentes (c\u00e9lulas zombis), ralentizando el envejecimiento cut\u00e1neo.<\/li>\n\n\n\n<li>Aumenta la densidad y resistencia de la piel, mejorando su calidad general.<\/li>\n\n\n\n<li>Hidrata en profundidad, restaurando la barrera cut\u00e1nea y evitando la sequedad asociada a la edad.<\/li>\n\n\n\n<li>Potencia la s\u00edntesis de col\u00e1geno y elastina, fundamentales para la firmeza y elasticidad.<\/li>\n<\/ul>\n\n\n\n<h3 class=\"wp-block-heading\"><span class=\"ez-toc-section\" id=\"Activos_clave_en_la_belleza_cosmetica_y_cuidado_personal_avanzada\"><\/span><strong>Activos clave en la belleza cosm\u00e9tica y cuidado personal avanzada<\/strong><span class=\"ez-toc-section-end\"><\/span><\/h3>\n\n\n\n<p>La <strong>cosm\u00e9tica y cuidado personal<\/strong> actual apuesta por activos de alta eficacia que trabajan la piel desde la profundidad:<\/p>\n\n\n\n<ul>\n<li><strong>Cafe\u00edna<\/strong> \u2192 Reconocida por su acci\u00f3n drenante y lipol\u00edtica, favorece la eliminaci\u00f3n de l\u00edquidos y toxinas, ayudando a redefinir la silueta mientras estimula la microcirculaci\u00f3n para una piel m\u00e1s oxigenada y revitalizada.<\/li>\n\n\n\n<li><strong>Malvarrosa Negra<\/strong> \u2192 Un potente antioxidante vegetal que protege la piel del estr\u00e9s oxidativo y ayuda a mejorar la firmeza, promoviendo una textura m\u00e1s uniforme y una piel m\u00e1s densa y resistente. Adem\u00e1s, reactiva la comunicaci\u00f3n entre las c\u00e9lulas senescentes y el sistema inmunol\u00f3gico ayudando a su eliminaci\u00f3n natural.<\/li>\n\n\n\n<li><strong>Ojo de Drag\u00f3n<\/strong> (Extracto de <em>Nephelium longana<\/em>) \u2192 Extracto bot\u00e1nico rico en polifenoles con propiedades reductoras, remodelantes y antienvejecimiento. Act\u00faa combatiendo la flacidez y fortaleciendo las estructuras d\u00e9rmicas para una piel m\u00e1s firme y el\u00e1stica.<\/li>\n\n\n\n<li><strong>Carb\u00f3n vegetal<\/strong> \u2192 Conocido por su capacidad detoxificante, purifica la piel en profundidad, eliminando impurezas y residuos acumulados. Adem\u00e1s, mejora la oxigenaci\u00f3n de los tejidos, aportando luminosidad y vitalidad.<\/li>\n\n\n\n<li><strong>Vitamina E<\/strong> \u2192 Poderoso antioxidante que combate los radicales libres, previene el envejecimiento prematuro y refuerza la barrera cut\u00e1nea, mejorando la hidrataci\u00f3n y elasticidad de la piel.<\/li>\n<\/ul>\n\n\n\n<h2 class=\"wp-block-heading\"><span class=\"ez-toc-section\" id=\"Belleza_cosmetica_y_cuidado_personal_en_casa_y_centros_esteticos_Como_aplicar_este_nuevo_enfoque\"><\/span><strong>Belleza cosm\u00e9tica y cuidado personal en casa y centros est\u00e9ticos: C\u00f3mo aplicar este nuevo enfoque<\/strong><span class=\"ez-toc-section-end\"><\/span><\/h2>\n\n\n\n<p>La demanda de <strong>tratamientos corporales<\/strong> m\u00e1s avanzados ha llevado a un cambio en la forma en que se aplican los productos y en los protocolos que se ofrecen.<\/p>\n\n\n\n<p><strong>En cabina:<\/strong><\/p>\n\n\n\n<ul>\n<li>Protocolos que combinan exfoliaci\u00f3n, activos senol\u00edticos y t\u00e9cnicas de masaje remodelante.<\/li>\n\n\n\n<li>Uso de tecnolog\u00eda complementaria (radiofrecuencia, presoterapia, ultrasonidos) para potenciar los efectos.<\/li>\n<\/ul>\n\n\n\n<p><strong>En casa:<\/strong><\/p>\n\n\n\n<ul>\n<li>Rutinas de mantenimiento con f\u00f3rmulas avanzadas aplicadas con masajes espec\u00edficos.<\/li>\n\n\n\n<li>Uso de t\u00e9cnicas como el dry brushing o la auto-maderoterapia para potenciar la absorci\u00f3n de activos.<\/li>\n<\/ul>\n\n\n\n<h2 class=\"wp-block-heading\"><span class=\"ez-toc-section\" id=\"El_nuevo_significado_de_la_belleza_cosmetica_y_cuidado_personal\"><\/span><strong>El nuevo significado de la belleza cosm\u00e9tica y cuidado personal<\/strong><span class=\"ez-toc-section-end\"><\/span><\/h2>\n\n\n\n<p>El <strong>cuidado corporal<\/strong> ha dejado de ser un paso secundario dentro de la <strong>cosm\u00e9tica y cuidado personal<\/strong>. Cada vez m\u00e1s personas buscan tratar la piel del cuerpo con el mismo nivel de innovaci\u00f3n que la del rostro.<\/p>\n\n\n\n<p>La tendencia est\u00e1 clara: ya no basta con remodelar la silueta, ahora el reto es rejuvenecer la piel desde dentro. Y la ciencia senol\u00edtica se presenta como la gran revoluci\u00f3n en esta nueva era del <strong>cuidado corporal<\/strong>.<\/p>\n\n\n\n<p><strong>Y t\u00fa, \u00bfya has comenzado a cuidar la piel de tu cuerpo todo el a\u00f1o?<\/strong><\/p>\n","protected":false},"excerpt":{"rendered":"<p>Durante mucho tiempo, la belleza cosm\u00e9tica y cuidado personal se centraba en prepararnos para la temporada estival, cuando nos exponemos m\u00e1s al sol y usamos ropa m\u00e1s ligera. Los tratamientos y la cosm\u00e9tica y cuidado personal se asociaban principalmente con la \u201coperaci\u00f3n bikini\u201d o con el \u201c\u00faltimo empuj\u00f3n\u201d antes del verano. Sin embargo, esta tendencia [&hellip;]<\/p>\n","protected":false},"author":5,"featured_media":7775,"comment_status":"closed","ping_status":"open","sticky":false,"template":"","format":"standard","meta":[],"categories":[1],"tags":[],"yoast_head":"<!-- This site is optimized with the Yoast SEO plugin v19.13 - https:\/\/yoast.com\/wordpress\/plugins\/seo\/ -->\n<title>Belleza cosm\u00e9tica y cuidado personal: Tendencias, activos y ciencia senol\u00edtica<\/title>\n<meta name=\"description\" content=\"Descubre c\u00f3mo ha evolucionado la belleza cosm\u00e9tica y el cuidado personal: ciencia senol\u00edtica, activos antiedad y rutinas eficaces para rejuvenecer tu piel corporal todo el a\u00f1o.\" \/>\n<meta name=\"robots\" content=\"index, follow, max-snippet:-1, max-image-preview:large, max-video-preview:-1\" \/>\n<link rel=\"canonical\" href=\"https:\/\/www.vagheggi.es\/blog\/belleza-cosmetica-y-cuidado-personal\" \/>\n<meta property=\"og:locale\" content=\"es_ES\" \/>\n<meta property=\"og:type\" content=\"article\" \/>\n<meta property=\"og:title\" content=\"Belleza cosm\u00e9tica y cuidado personal: Tendencias, activos y ciencia senol\u00edtica\" \/>\n<meta property=\"og:description\" content=\"Descubre c\u00f3mo ha evolucionado la belleza cosm\u00e9tica y el cuidado personal: ciencia senol\u00edtica, activos antiedad y rutinas eficaces para rejuvenecer tu piel corporal todo el a\u00f1o.\" \/>\n<meta property=\"og:url\" content=\"https:\/\/www.vagheggi.es\/blog\/belleza-cosmetica-y-cuidado-personal\" \/>\n<meta property=\"og:site_name\" content=\"VGH Lifestyle\" \/>\n<meta property=\"article:publisher\" content=\"https:\/\/www.facebook.com\/vagheggicosmetica\" \/>\n<meta property=\"article:published_time\" content=\"2025-04-07T10:55:13+00:00\" \/>\n<meta property=\"article:modified_time\" content=\"2025-04-07T11:42:20+00:00\" \/>\n<meta property=\"og:image\" content=\"https:\/\/www.vagheggi.es\/blog\/wp-content\/uploads\/2025\/04\/2148147468.jpg\" \/>\n\t<meta property=\"og:image:width\" content=\"1000\" \/>\n\t<meta property=\"og:image:height\" content=\"667\" \/>\n\t<meta property=\"og:image:type\" content=\"image\/jpeg\" \/>\n<meta name=\"author\" content=\"Inbound Mas\" \/>\n<meta name=\"twitter:card\" content=\"summary_large_image\" \/>\n<meta name=\"twitter:creator\" content=\"@vagheggicosmetica_es\" \/>\n<meta name=\"twitter:site\" content=\"@vagheggicosmetica_es\" \/>\n<meta name=\"twitter:label1\" content=\"Escrito por\" \/>\n\t<meta name=\"twitter:data1\" content=\"Inbound Mas\" \/>\n\t<meta name=\"twitter:label2\" content=\"Tiempo de lectura\" \/>\n\t<meta name=\"twitter:data2\" content=\"5 minutos\" \/>\n<script type=\"application\/ld+json\" class=\"yoast-schema-graph\">{\"@context\":\"https:\/\/schema.org\",\"@graph\":[{\"@type\":\"WebPage\",\"@id\":\"https:\/\/www.vagheggi.es\/blog\/belleza-cosmetica-y-cuidado-personal\",\"url\":\"https:\/\/www.vagheggi.es\/blog\/belleza-cosmetica-y-cuidado-personal\",\"name\":\"Belleza cosm\u00e9tica y cuidado personal: Tendencias, activos y ciencia senol\u00edtica\",\"isPartOf\":{\"@id\":\"https:\/\/www.vagheggi.es\/blog\/#website\"},\"datePublished\":\"2025-04-07T10:55:13+00:00\",\"dateModified\":\"2025-04-07T11:42:20+00:00\",\"author\":{\"@id\":\"https:\/\/www.vagheggi.es\/blog\/#\/schema\/person\/d82f4670d108c69f8f6f4422d96d56ef\"},\"description\":\"Descubre c\u00f3mo ha evolucionado la belleza cosm\u00e9tica y el cuidado personal: ciencia senol\u00edtica, activos antiedad y rutinas eficaces para rejuvenecer tu piel corporal todo el a\u00f1o.\",\"breadcrumb\":{\"@id\":\"https:\/\/www.vagheggi.es\/blog\/belleza-cosmetica-y-cuidado-personal#breadcrumb\"},\"inLanguage\":\"es\",\"potentialAction\":[{\"@type\":\"ReadAction\",\"target\":[\"https:\/\/www.vagheggi.es\/blog\/belleza-cosmetica-y-cuidado-personal\"]}]},{\"@type\":\"BreadcrumbList\",\"@id\":\"https:\/\/www.vagheggi.es\/blog\/belleza-cosmetica-y-cuidado-personal#breadcrumb\",\"itemListElement\":[{\"@type\":\"ListItem\",\"position\":1,\"name\":\"Portada\",\"item\":\"https:\/\/www.vagheggi.es\/blog\/\"},{\"@type\":\"ListItem\",\"position\":2,\"name\":\"La belleza cosm\u00e9tica y cuidado personal deja de ser el gran olvidado\"}]},{\"@type\":\"WebSite\",\"@id\":\"https:\/\/www.vagheggi.es\/blog\/#website\",\"url\":\"https:\/\/www.vagheggi.es\/blog\/\",\"name\":\"VGH Lifestyle\",\"description\":\"VGH Lifestyle\",\"potentialAction\":[{\"@type\":\"SearchAction\",\"target\":{\"@type\":\"EntryPoint\",\"urlTemplate\":\"https:\/\/www.vagheggi.es\/blog\/?s={search_term_string}\"},\"query-input\":\"required name=search_term_string\"}],\"inLanguage\":\"es\"},{\"@type\":\"Person\",\"@id\":\"https:\/\/www.vagheggi.es\/blog\/#\/schema\/person\/d82f4670d108c69f8f6f4422d96d56ef\",\"name\":\"Inbound Mas\",\"image\":{\"@type\":\"ImageObject\",\"inLanguage\":\"es\",\"@id\":\"https:\/\/www.vagheggi.es\/blog\/#\/schema\/person\/image\/\",\"url\":\"https:\/\/secure.gravatar.com\/avatar\/365a122cabb745a62dd6f1b63c2ec553?s=96&d=mm&r=g\",\"contentUrl\":\"https:\/\/secure.gravatar.com\/avatar\/365a122cabb745a62dd6f1b63c2ec553?s=96&d=mm&r=g\",\"caption\":\"Inbound Mas\"}}]}<\/script>\n<!-- \/ Yoast SEO plugin. -->","yoast_head_json":{"title":"Belleza cosm\u00e9tica y cuidado personal: Tendencias, activos y ciencia senol\u00edtica","description":"Descubre c\u00f3mo ha evolucionado la belleza cosm\u00e9tica y el cuidado personal: ciencia senol\u00edtica, activos antiedad y rutinas eficaces para rejuvenecer tu piel corporal todo el a\u00f1o.","robots":{"index":"index","follow":"follow","max-snippet":"max-snippet:-1","max-image-preview":"max-image-preview:large","max-video-preview":"max-video-preview:-1"},"canonical":"https:\/\/www.vagheggi.es\/blog\/belleza-cosmetica-y-cuidado-personal","og_locale":"es_ES","og_type":"article","og_title":"Belleza cosm\u00e9tica y cuidado personal: Tendencias, activos y ciencia senol\u00edtica","og_description":"Descubre c\u00f3mo ha evolucionado la belleza cosm\u00e9tica y el cuidado personal: ciencia senol\u00edtica, activos antiedad y rutinas eficaces para rejuvenecer tu piel corporal todo el a\u00f1o.","og_url":"https:\/\/www.vagheggi.es\/blog\/belleza-cosmetica-y-cuidado-personal","og_site_name":"VGH Lifestyle","article_publisher":"https:\/\/www.facebook.com\/vagheggicosmetica","article_published_time":"2025-04-07T10:55:13+00:00","article_modified_time":"2025-04-07T11:42:20+00:00","og_image":[{"width":1000,"height":667,"url":"https:\/\/www.vagheggi.es\/blog\/wp-content\/uploads\/2025\/04\/2148147468.jpg","type":"image\/jpeg"}],"author":"Inbound Mas","twitter_card":"summary_large_image","twitter_creator":"@vagheggicosmetica_es","twitter_site":"@vagheggicosmetica_es","twitter_misc":{"Escrito por":"Inbound Mas","Tiempo de lectura":"5 minutos"},"schema":{"@context":"https:\/\/schema.org","@graph":[{"@type":"WebPage","@id":"https:\/\/www.vagheggi.es\/blog\/belleza-cosmetica-y-cuidado-personal","url":"https:\/\/www.vagheggi.es\/blog\/belleza-cosmetica-y-cuidado-personal","name":"Belleza cosm\u00e9tica y cuidado personal: Tendencias, activos y ciencia senol\u00edtica","isPartOf":{"@id":"https:\/\/www.vagheggi.es\/blog\/#website"},"datePublished":"2025-04-07T10:55:13+00:00","dateModified":"2025-04-07T11:42:20+00:00","author":{"@id":"https:\/\/www.vagheggi.es\/blog\/#\/schema\/person\/d82f4670d108c69f8f6f4422d96d56ef"},"description":"Descubre c\u00f3mo ha evolucionado la belleza cosm\u00e9tica y el cuidado personal: ciencia senol\u00edtica, activos antiedad y rutinas eficaces para rejuvenecer tu piel corporal todo el a\u00f1o.","breadcrumb":{"@id":"https:\/\/www.vagheggi.es\/blog\/belleza-cosmetica-y-cuidado-personal#breadcrumb"},"inLanguage":"es","potentialAction":[{"@type":"ReadAction","target":["https:\/\/www.vagheggi.es\/blog\/belleza-cosmetica-y-cuidado-personal"]}]},{"@type":"BreadcrumbList","@id":"https:\/\/www.vagheggi.es\/blog\/belleza-cosmetica-y-cuidado-personal#breadcrumb","itemListElement":[{"@type":"ListItem","position":1,"name":"Portada","item":"https:\/\/www.vagheggi.es\/blog\/"},{"@type":"ListItem","position":2,"name":"La belleza cosm\u00e9tica y cuidado personal deja de ser el gran olvidado"}]},{"@type":"WebSite","@id":"https:\/\/www.vagheggi.es\/blog\/#website","url":"https:\/\/www.vagheggi.es\/blog\/","name":"VGH Lifestyle","description":"VGH Lifestyle","potentialAction":[{"@type":"SearchAction","target":{"@type":"EntryPoint","urlTemplate":"https:\/\/www.vagheggi.es\/blog\/?s={search_term_string}"},"query-input":"required name=search_term_string"}],"inLanguage":"es"},{"@type":"Person","@id":"https:\/\/www.vagheggi.es\/blog\/#\/schema\/person\/d82f4670d108c69f8f6f4422d96d56ef","name":"Inbound Mas","image":{"@type":"ImageObject","inLanguage":"es","@id":"https:\/\/www.vagheggi.es\/blog\/#\/schema\/person\/image\/","url":"https:\/\/secure.gravatar.com\/avatar\/365a122cabb745a62dd6f1b63c2ec553?s=96&d=mm&r=g","contentUrl":"https:\/\/secure.gravatar.com\/avatar\/365a122cabb745a62dd6f1b63c2ec553?s=96&d=mm&r=g","caption":"Inbound Mas"}}]}},"_links":{"self":[{"href":"https:\/\/www.vagheggi.es\/blog\/wp-json\/wp\/v2\/posts\/7773"}],"collection":[{"href":"https:\/\/www.vagheggi.es\/blog\/wp-json\/wp\/v2\/posts"}],"about":[{"href":"https:\/\/www.vagheggi.es\/blog\/wp-json\/wp\/v2\/types\/post"}],"author":[{"embeddable":true,"href":"https:\/\/www.vagheggi.es\/blog\/wp-json\/wp\/v2\/users\/5"}],"replies":[{"embeddable":true,"href":"https:\/\/www.vagheggi.es\/blog\/wp-json\/wp\/v2\/comments?post=7773"}],"version-history":[{"count":5,"href":"https:\/\/www.vagheggi.es\/blog\/wp-json\/wp\/v2\/posts\/7773\/revisions"}],"predecessor-version":[{"id":7782,"href":"https:\/\/www.vagheggi.es\/blog\/wp-json\/wp\/v2\/posts\/7773\/revisions\/7782"}],"wp:featuredmedia":[{"embeddable":true,"href":"https:\/\/www.vagheggi.es\/blog\/wp-json\/wp\/v2\/media\/7775"}],"wp:attachment":[{"href":"https:\/\/www.vagheggi.es\/blog\/wp-json\/wp\/v2\/media?parent=7773"}],"wp:term":[{"taxonomy":"category","embeddable":true,"href":"https:\/\/www.vagheggi.es\/blog\/wp-json\/wp\/v2\/categories?post=7773"},{"taxonomy":"post_tag","embeddable":true,"href":"https:\/\/www.vagheggi.es\/blog\/wp-json\/wp\/v2\/tags?post=7773"}],"curies":[{"name":"wp","href":"https:\/\/api.w.org\/{rel}","templated":true}]}}